{"id":1040,"date":"2024-02-05T11:58:47","date_gmt":"2024-02-05T11:58:47","guid":{"rendered":"https:\/\/klg-bergstrasse.de\/?p=1040"},"modified":"2024-03-11T09:26:42","modified_gmt":"2024-03-11T09:26:42","slug":"fruehjahrsexkursion-2024","status":"publish","type":"post","link":"https:\/\/klg-bergstrasse.de\/?p=1040","title":{"rendered":"Fr\u00fchjahrsexkursion 2024"},"content":{"rendered":"\n<h4 class=\"p-century-gothic wp-block-heading\">Fahrt nach Wiesbaden und Bad Nauheim<\/h4>\n\n\n\n<p class=\"p-century-gothic\">Die diesj\u00e4hrige Fr\u00fchjahrsfahrt f\u00fchrt am Samstag, 27. April zu zwei Ausstellungen im Museum Wiebaden und in Bad Nauheim als Badeort im Jugendstil. In zwei parallelen F\u00fchrungen werden die Arbeiten von Stephan Balkenhol und G\u00fcnter Fruhtrunk bei der Exkursion vermittelt.<\/p>\n\n\n\n<div class=\"wp-block-file\"><a href=\"https:\/\/klg-bergstrasse.de\/wp-content\/uploads\/2024\/02\/02-KLG-Fruehjahrsexkursion-Wiesbaden-Bad-Nauheim-2024_EinladungProgramm.pdf\">Anmeldung und Programm<\/a><a href=\"https:\/\/klg-bergstrasse.de\/wp-content\/uploads\/2024\/02\/02-KLG-Fruehjahrsexkursion-Wiesbaden-Bad-Nauheim-2024_EinladungProgramm.pdf\" class=\"wp-block-file__button\" download>Herunterladen<\/a><\/div>\n\n\n\n<h4 class=\"p-century-gothic wp-block-heading\">Wiesbaden: Balkenhol trifft Alte Meister<\/h4>\n\n\n\n<p class=\"p-century-gothic\">Stephan Balkenhol (geb.1957) ist einer der bekanntesten deutschen Bildhauer der Gegenwart. Grob gehauene und farbig bemalte Holzskulpturen sind sein wichtigstes \u201eMarkenzeichen\u201c. Die menschliche Figur steht im Mittelpunkt seiner Arbeiten. Er entwickelt Grundtypen in vielf\u00e4ltigen Variationen, die keine eindeutigen Emotionen zeigen. Sie blicken scheinbar ins Leere, bleiben distanziert, anonym und r\u00e4tselhaft. Balkenhols wichtigstes Arbeitsmaterial ist das Holz, dessen Materialcharakter in den sichtbaren Spuren des Arbeitsprozesses erhalten bleibt. Die Figuren sind oft in einem St\u00fcck aus einem Holzblock oder Holzstamm herausgearbeitet und bleiben dadurch untrennbar mit dem Sockel verbunden. Balkenhol gibt seinen Figuren bewusst einen indifferenten Ausdruck, um sie f\u00fcr individuelle Deutungsm\u00f6glichkeiten des Betrachters offenzuhalten. In der Wiesbadener Ausstellung versammelt sich ein Teil der von Balkenhol geschaffenen \u201eKunstfamilie\u201c in der Abteilung Alte Meister zu einem Museumsbesuch. Die Figuren der Gegenwart treten in einen ungezwungenen Dialog mit den Bildern vergangener Jahrhunderte, in den auch die Besucher einbezogen werden. <\/p>\n\n\n\n<h4 class=\"p-century-gothic wp-block-heading\">Wiesbaden: G\u00fcnter Fruhtrunk &#8211; Retrospektive<\/h4>\n\n\n\n<p class=\"p-century-gothic\">G\u00fcnter Fruhtrunk (1923 &#8211; 1982) war ein abstrakter Maler und Grafiker. Ausgehend von Begegnungen mit Willi Baumeister, Julius Bissier, Fernand L\u00e9ger und Hans Arp entwickelte er eine konstruktive Bildsprache aus Farbkl\u00e4ngen und Rhythmusstrukturen, die das Auge des Betrachters herausfordern. Seine Arbeiten in Bild-Serien zeigen enge Bez\u00fcge zur Musik, die sich in zahlreichen Titeln spiegeln. Fruhtrunk war Teilnehmer der Documenta 4 und Professor f\u00fcr Malerei an der M\u00fcnchner Kunstakademie. Seine Kunst pr\u00e4gte auf Jahrzehnte das Stra\u00dfenbild der Bundesrepublik \u2013 und dies auf ungew\u00f6hnliche Weise: 1970 entwarf er das Design f\u00fcr die Plastikt\u00fcten des Discounters ALDI Nord. Anl\u00e4sslich des 100. Geburtstages von G\u00fcnter Fruhtrunk widmet das Museum Wiesbaden dem K\u00fcnstler eine gro\u00dfe Retrospektive. Die Ausstellung umfasst rund 60 Gem\u00e4lde aus allen Schaffensphasen des K\u00fcnstlers. <\/p>\n\n\n\n<h4 class=\"p-century-gothic wp-block-heading\">Bad Nauheim<\/h4>\n\n\n\n<p class=\"p-century-gothic\">Um 1900 geh\u00f6rte Bad Nauheim zu den f\u00fchrenden Kurb\u00e4dern Deutschlands. Bad Nauheim hatte das Gl\u00fcck, mit Gro\u00dfherzog Ernst Ludwig von Hessen und bei Rhein (1868-1937) einen \u00e4u\u00dferst fortschrittlichen und kunstbegeisterten Landesf\u00fcrsten zu haben: Ihm verdankt Bad Nauheim seine weltweit einzigartigen Jugendstilanlagen. Unter der Leitung des Gro\u00dfherzoglichen Regierungsbauinspektors Wilhelm Jost kommt es zwischen 1902 bis 1912 zu einer einheitlichen Gestaltung der Bade-, Kur- und Wirtschaftsanlagen. Zwischen 1905 und 1912 entsteht der Sprudelhof mit insgesamt 386 Badezellen, Verwaltungsgeb\u00e4uden und neuen Fassungen f\u00fcr die Sprudel. Mit seinen reich verzierten Badeh\u00e4usern, den \u00fcppig ornamentierten Wartes\u00e4len und Schmuckh\u00f6fen z\u00e4hlt er zu den eindrucksvollsten Zeugnissen des deutschen Jugendstils. Schmuckh\u00f6fe und Warter\u00e4ume der sechs Badeh\u00e4user wurden individuell mit zahlreichen k\u00fcnstlerischen Details gestaltet. Die Ornamentik der Brunnen, Figuren und Dekore bezieht sich auf das Wasser als gesundheitsspendende Kraft. Leider ist die Gesamtanlage wegen Sanierungsarbeiten f\u00fcr mehrere Jahre geschlossen. Zug\u00e4nglich ist aber das Badehaus 3, das im fast originalgetreuen Zustand von 1905 erhalten ist. Dort werden in den R\u00e4umen der Badezellen die Ausstellungen \u201eStilwende 2.0\u201c (mit einer Privatsammlung von Objekten vom Jugenstil bis zum Bauhaus) und \u201eElfenhaft \u2013 Friedrich Wilhelm Kleukens\u201c (mit sieben gro\u00dfformatige Bildern des Malers, einem wichtigen Vertreter der K\u00fcnstlerkolonie Mathildenh\u00f6he in Darmstadt) gezeigt. In zwei F\u00fchrungen, die wegen der kleinen R\u00e4ume nacheinander erfolgen m\u00fcssen, erhalten die Exkursionsteilnehmer sowohl einen Einblick in die Badekultur um 1900 als auch in die beiden aktuellen Ausstellungen. W\u00e4hrend jeweils die H\u00e4lfte der Gruppe an der F\u00fchrung teilnimmt, kann die andere H\u00e4lfte bei Tee, Kaffee, Kuchen und kleinen Sandwichecken in Ruhe das Jugendstil-Ensemble genie\u00dfen. Sollte nach den F\u00fchrungen noch Zeit bleiben, k\u00f6nnte ein Spaziergang durch den historischen Kurpark von Bad Nauheim mit einer Au\u00dfenbesichtigung des Kurhauses aus den f\u00fcnfziger Jahren die Exkursion abschlie\u00dfen.<\/p>\n","protected":false},"excerpt":{"rendered":"<p>Fahrt nach Wiesbaden und Bad Nauheim Die diesj\u00e4hrige Fr\u00fchjahrsfahrt f\u00fchrt am Samstag, 27. April zu zwei Ausstellungen im Museum Wiebaden und in Bad Nauheim als Badeort im Jugendstil. In zwei parallelen F\u00fchrungen werden die Arbeiten von Stephan Balkenhol und G\u00fcnter Fruhtrunk bei der Exkursion vermittelt. Wiesbaden: Balkenhol trifft Alte Meister Stephan Balkenhol (geb.1957) ist einer [&hellip;]<\/p>\n","protected":false},"author":1,"featured_media":0,"comment_status":"closed","ping_status":"closed","sticky":false,"template":"","format":"standard","meta":{"ngg_post_thumbnail":0,"footnotes":""},"categories":[10,8],"tags":[],"_links":{"self":[{"href":"https:\/\/klg-bergstrasse.de\/index.php?rest_route=\/wp\/v2\/posts\/1040"}],"collection":[{"href":"https:\/\/klg-bergstrasse.de\/index.php?rest_route=\/wp\/v2\/posts"}],"about":[{"href":"https:\/\/klg-bergstrasse.de\/index.php?rest_route=\/wp\/v2\/types\/post"}],"author":[{"embeddable":true,"href":"https:\/\/klg-bergstrasse.de\/index.php?rest_route=\/wp\/v2\/users\/1"}],"replies":[{"embeddable":true,"href":"https:\/\/klg-bergstrasse.de\/index.php?rest_route=%2Fwp%2Fv2%2Fcomments&post=1040"}],"version-history":[{"count":5,"href":"https:\/\/klg-bergstrasse.de\/index.php?rest_route=\/wp\/v2\/posts\/1040\/revisions"}],"predecessor-version":[{"id":1049,"href":"https:\/\/klg-bergstrasse.de\/index.php?rest_route=\/wp\/v2\/posts\/1040\/revisions\/1049"}],"wp:attachment":[{"href":"https:\/\/klg-bergstrasse.de\/index.php?rest_route=%2Fwp%2Fv2%2Fmedia&parent=1040"}],"wp:term":[{"taxonomy":"category","embeddable":true,"href":"https:\/\/klg-bergstrasse.de\/index.php?rest_route=%2Fwp%2Fv2%2Fcategories&post=1040"},{"taxonomy":"post_tag","embeddable":true,"href":"https:\/\/klg-bergstrasse.de\/index.php?rest_route=%2Fwp%2Fv2%2Ftags&post=1040"}],"curies":[{"name":"wp","href":"https:\/\/api.w.org\/{rel}","templated":true}]}}