{"id":1071,"date":"2024-06-24T08:09:26","date_gmt":"2024-06-24T08:09:26","guid":{"rendered":"https:\/\/klg-bergstrasse.de\/?p=1071"},"modified":"2024-06-24T08:50:43","modified_gmt":"2024-06-24T08:50:43","slug":"kunst-von-internationalem-format","status":"publish","type":"post","link":"https:\/\/klg-bergstrasse.de\/?p=1071","title":{"rendered":"Kunst von internationalem Format"},"content":{"rendered":"\n<h2 class=\"wp-block-heading\">im Museum Heppenheim<\/h2>\n\n\n\n<h4 class=\"wp-block-heading\">Finissage der Ausstellung \u201eFelix Schramm &#8211; The Dew of Dust\u201c<\/h4>\n\n\n\n<p class=\"p-century-gothic\">Am Sonntag, dem 16. Juni 2024 endete im Sonderausstellungsraum des Heppenheimer Amtshofs eine Ausstellung, die f\u00fcr zehn Wochen hochkar\u00e4tige Kunst von internationalem Format ins Museum Heppenheim gebracht hatte. Zur Finissage der Ausstellung \u201eThe Dew of Dust\u201c des weltweit bekannten Bildhauers und Installationsk\u00fcnstlers Felix Schramm, die in einer Kooperation zwischen dem Museum Heppenheim und der Kulturinitiative Leo Grewenig konzipiert wurde, hatten zahlreiche Besucher den Weg in den Amtshof gefunden.<\/p>\n\n\n\n<figure class=\"wp-block-image size-large is-resized\"><img loading=\"lazy\" decoding=\"async\" width=\"1024\" height=\"768\" src=\"https:\/\/klg-bergstrasse.de\/wp-content\/uploads\/2024\/06\/image0-1024x768.jpeg\" alt=\"Finissage Felix Schramm\" class=\"wp-image-1073\" style=\"width:610px;height:auto\" srcset=\"https:\/\/klg-bergstrasse.de\/wp-content\/uploads\/2024\/06\/image0-1024x768.jpeg 1024w, https:\/\/klg-bergstrasse.de\/wp-content\/uploads\/2024\/06\/image0-300x225.jpeg 300w, https:\/\/klg-bergstrasse.de\/wp-content\/uploads\/2024\/06\/image0-768x576.jpeg 768w, https:\/\/klg-bergstrasse.de\/wp-content\/uploads\/2024\/06\/image0-1536x1152.jpeg 1536w, https:\/\/klg-bergstrasse.de\/wp-content\/uploads\/2024\/06\/image0-2048x1536.jpeg 2048w, https:\/\/klg-bergstrasse.de\/wp-content\/uploads\/2024\/06\/image0-1200x900.jpeg 1200w, https:\/\/klg-bergstrasse.de\/wp-content\/uploads\/2024\/06\/image0-1980x1485.jpeg 1980w\" sizes=\"(max-width: 1024px) 100vw, 1024px\" \/><figcaption class=\"wp-element-caption\">Reger Zuspruch bei der Finissage Felix Schramm im Museum Heppenheim. Foto: klg, CC by-SA 3.0<\/figcaption><\/figure>\n\n\n\n<p class=\"p-century-gothic\">Der K\u00fcnstler war anwesend und so konnten die Besucher die Intentionen und die Arbeitsweise von Felix Schramm \u201eaus erster Hand\u201c erfahren. Der besondere Clou: f\u00fcr Schramm war die Ausstellung in Heppenheim fast ein \u201eHeimspiel\u201c, denn er hat in Heppenheim einen Teil seiner Schulzeit verbracht und 1990 am Starkenburg-Gymnasium sein Abitur abgelegt. Danach studierte er Bildhauerei an der <em>Accademia di Belle Arti<\/em> in Florenz und an der Kunstakademie D\u00fcsseldorf, wo er auch heute noch lebt und arbeitet. Er erhielt zahlreiche Stipendien, u.a. in Tokyo und in der <em>Villa Massimo<\/em> in Rom und hatte Einzelausstellungen im Palais de Tokyo in Paris, im San Francisco Museum of Modern Art und im Hamburger Bahnhof, Museum f\u00fcr Gegenwartskunst in Berlin. Seine Werke sind in vielen bedeutenden in- und ausl\u00e4ndischen Museen, Galerien und Sammlungen vertreten. Bekannt geworden ist Felix Schramm vor allem f\u00fcr seine teilweise monumental anmutenden Installationen aus Holz und Gipskartonplatten, die oft die W\u00e4nde durchsto\u00dfen und sich von einem Raum zum n\u00e4chsten entwickeln.<\/p>\n\n\n\n<p class=\"p-century-gothic\">Bei der Finissage stellte die Museumsleiterin Luisa Wipplinger zun\u00e4chst den K\u00fcnstler vor und dankte ihm f\u00fcr die spontane Bereitschaft, im Heppenheimer Museum seine Werke auszustellen, wobei die Arbeiten von Felix Schramm nicht nur als Einzelobjekte zu betrachten sind, sondern immer in einem Gesamtzusammenhang eingebettet werden. Und so generierten die heterogenen Elemente, die der K\u00fcnstler an den W\u00e4nden und im Raum des Heppenheimer Museums entwickelte, ein vielschichtiges Beziehungsgeflecht, dass der Betrachter im Gang durch die Ausstellung erleben konnte. Materialien fungierten dabei als Energietr\u00e4ger, Farb- und Formkorrespondenzen bildeten komplexe Raumbez\u00fcge und Sichtachsen.<\/p>\n\n\n\n<p class=\"p-century-gothic\">In der Heppenheimer Pr\u00e4sentation waren es vor allem zwei unterschiedliche Werkkomplexe des K\u00fcnstlers, die sog. <em>dark sites<\/em> und die <em>accumulations, die <\/em>miteinander verkn\u00fcpft wurden und die vor allem durch die einheitliche Farbigkeit in Schwarz- und Gelb-Variationen miteinander korrespondierten. In dieser konsequenten Kombination waren die beiden Werkgruppen bisher noch nie zu sehen &#8211; und so war die Ausstellung in Heppenheim f\u00fcr den K\u00fcnstler und das Publikum auch eine Premiere. In einem Gespr\u00e4ch mit den Besuchern, das von Erich Henrich, dem Vorsitzenden der Kulturinitiative Leo Grewenig moderiert wurde, erl\u00e4uterte Felix Schramm seine &nbsp;&nbsp;Intentionen und seine Arbeitsweise. Besondere Aufmerksamkeit erweckten dabei die <em>dark sites<\/em>, eine Werkserie aus gro\u00dfen dunklen Objektk\u00e4sten. Die besondere Enth\u00fcllung: es handelt sich dabei um Staub und Abf\u00e4lle aus dem Atelier des K\u00fcnstlers, die auf einer Platte fixiert, mit Blattsilber \u00fcberzogen und dann mit einer H\u00fclle aus dunkel eingef\u00e4rbten Acrylglascheiben abgedeckt werden.&nbsp;<\/p>\n\n\n\n<figure class=\"wp-block-image size-large\"><img loading=\"lazy\" decoding=\"async\" width=\"1024\" height=\"768\" src=\"https:\/\/klg-bergstrasse.de\/wp-content\/uploads\/2024\/06\/PXL_20240616_122916308.MP_-1024x768.jpg\" alt=\"\" class=\"wp-image-1074\" srcset=\"https:\/\/klg-bergstrasse.de\/wp-content\/uploads\/2024\/06\/PXL_20240616_122916308.MP_-1024x768.jpg 1024w, https:\/\/klg-bergstrasse.de\/wp-content\/uploads\/2024\/06\/PXL_20240616_122916308.MP_-300x225.jpg 300w, https:\/\/klg-bergstrasse.de\/wp-content\/uploads\/2024\/06\/PXL_20240616_122916308.MP_-768x576.jpg 768w, https:\/\/klg-bergstrasse.de\/wp-content\/uploads\/2024\/06\/PXL_20240616_122916308.MP_-1536x1152.jpg 1536w, https:\/\/klg-bergstrasse.de\/wp-content\/uploads\/2024\/06\/PXL_20240616_122916308.MP_-2048x1536.jpg 2048w, https:\/\/klg-bergstrasse.de\/wp-content\/uploads\/2024\/06\/PXL_20240616_122916308.MP_-1200x900.jpg 1200w, https:\/\/klg-bergstrasse.de\/wp-content\/uploads\/2024\/06\/PXL_20240616_122916308.MP_-1980x1485.jpg 1980w\" sizes=\"(max-width: 1024px) 100vw, 1024px\" \/><figcaption class=\"wp-element-caption\">Felix Schramm vor Dark Sites. Foto: klg, CC by-SA 3.0<\/figcaption><\/figure>\n\n\n\n<p class=\"p-century-gothic\">In dieser Veredelung des M\u00fclls wurden die k\u00fcnstlerischen Absichten von Felix Schramm besonders deutlich, der Zersetzung und Zerst\u00f6rung als integrale Bestandteile des Kunstwerks betrachtet, die er dann in Setzung und Neubildung \u00fcberf\u00fchrt. Dabei lassen sich durchaus auch \u00fcber den Kunstkontext hinausgehende gesellschaftliche Intentionen erkennen, wenn man, wie der K\u00fcnstler erl\u00e4uterte, \u201edie Zersetzung als integralen Bestandteil, ja als Motor des Werdens und der Neubildung ansieht\u201c. Viele Anwesende zeigten sich besonders beeindruckt von der hohen Qualit\u00e4t der Werke und der Geschlossenheit der Gesamtkonzeption.<\/p>\n\n\n\n<p class=\"p-century-gothic\">Im \u00dcbrigen konnten die Besucher ihre Eindr\u00fccke von der Pr\u00e4sentation in Form eines Kataloges mit nach Hause nehmen, der ebenfalls am Sonntag vorgestellt wurde. Dieser wird sowohl einzeln zu erwerben sein, als auch Teil einer gr\u00f6\u00dferen Publikation werden, die mehrere Kataloge des K\u00fcnstlers aus verschiedenen Museen und Galerien zusammenfasst. <\/p>\n\n\n\n<p class=\"p-century-gothic\">Und so steht das Museum Heppenheim bald in einem \u201eengen Verbund\u201c mit so bedeutenden Institutionen wie dem Kunstmuseum Stuttgart, der Ribot Gallery in Mailand und dem Museum of Modern Art in San Francisco.<\/p>\n\n\n\n<figure class=\"wp-block-gallery has-nested-images columns-2 is-cropped wp-block-gallery-1 is-layout-flex wp-block-gallery-is-layout-flex\">\n<figure class=\"wp-block-image size-large\"><img loading=\"lazy\" decoding=\"async\" width=\"682\" height=\"1024\" data-id=\"1094\" src=\"https:\/\/klg-bergstrasse.de\/wp-content\/uploads\/2024\/06\/image11-682x1024.jpeg\" alt=\"\" class=\"wp-image-1094\" srcset=\"https:\/\/klg-bergstrasse.de\/wp-content\/uploads\/2024\/06\/image11-682x1024.jpeg 682w, https:\/\/klg-bergstrasse.de\/wp-content\/uploads\/2024\/06\/image11-200x300.jpeg 200w, https:\/\/klg-bergstrasse.de\/wp-content\/uploads\/2024\/06\/image11-768x1152.jpeg 768w, https:\/\/klg-bergstrasse.de\/wp-content\/uploads\/2024\/06\/image11.jpeg 853w\" sizes=\"(max-width: 682px) 100vw, 682px\" \/><\/figure>\n\n\n\n<figure class=\"wp-block-image size-large\"><img loading=\"lazy\" decoding=\"async\" width=\"1024\" height=\"682\" data-id=\"1087\" src=\"https:\/\/klg-bergstrasse.de\/wp-content\/uploads\/2024\/06\/image5-1024x682.jpeg\" alt=\"\" class=\"wp-image-1087\" srcset=\"https:\/\/klg-bergstrasse.de\/wp-content\/uploads\/2024\/06\/image5-1024x682.jpeg 1024w, https:\/\/klg-bergstrasse.de\/wp-content\/uploads\/2024\/06\/image5-300x200.jpeg 300w, https:\/\/klg-bergstrasse.de\/wp-content\/uploads\/2024\/06\/image5-768x512.jpeg 768w, https:\/\/klg-bergstrasse.de\/wp-content\/uploads\/2024\/06\/image5-1200x800.jpeg 1200w, https:\/\/klg-bergstrasse.de\/wp-content\/uploads\/2024\/06\/image5.jpeg 1280w\" sizes=\"(max-width: 1024px) 100vw, 1024px\" \/><\/figure>\n\n\n\n<figure class=\"wp-block-image size-large\"><img loading=\"lazy\" decoding=\"async\" width=\"1024\" height=\"768\" data-id=\"1092\" src=\"https:\/\/klg-bergstrasse.de\/wp-content\/uploads\/2024\/06\/image0-1-1024x768.jpeg\" alt=\"\" class=\"wp-image-1092\" srcset=\"https:\/\/klg-bergstrasse.de\/wp-content\/uploads\/2024\/06\/image0-1-1024x768.jpeg 1024w, https:\/\/klg-bergstrasse.de\/wp-content\/uploads\/2024\/06\/image0-1-300x225.jpeg 300w, https:\/\/klg-bergstrasse.de\/wp-content\/uploads\/2024\/06\/image0-1-768x576.jpeg 768w, https:\/\/klg-bergstrasse.de\/wp-content\/uploads\/2024\/06\/image0-1-1536x1152.jpeg 1536w, https:\/\/klg-bergstrasse.de\/wp-content\/uploads\/2024\/06\/image0-1-2048x1536.jpeg 2048w, https:\/\/klg-bergstrasse.de\/wp-content\/uploads\/2024\/06\/image0-1-1200x900.jpeg 1200w, https:\/\/klg-bergstrasse.de\/wp-content\/uploads\/2024\/06\/image0-1-1980x1485.jpeg 1980w\" sizes=\"(max-width: 1024px) 100vw, 1024px\" \/><\/figure>\n\n\n\n<figure class=\"wp-block-image size-large\"><img loading=\"lazy\" decoding=\"async\" width=\"528\" height=\"397\" data-id=\"1101\" src=\"https:\/\/klg-bergstrasse.de\/wp-content\/uploads\/2024\/06\/image7-edited-1.jpeg\" alt=\"\" class=\"wp-image-1101\" srcset=\"https:\/\/klg-bergstrasse.de\/wp-content\/uploads\/2024\/06\/image7-edited-1.jpeg 528w, https:\/\/klg-bergstrasse.de\/wp-content\/uploads\/2024\/06\/image7-edited-1-300x226.jpeg 300w\" sizes=\"(max-width: 528px) 100vw, 528px\" \/><\/figure>\n\n\n\n<figure class=\"wp-block-image size-large\"><img loading=\"lazy\" decoding=\"async\" width=\"1024\" height=\"682\" data-id=\"1098\" src=\"https:\/\/klg-bergstrasse.de\/wp-content\/uploads\/2024\/06\/image12-1024x682.jpeg\" alt=\"\" class=\"wp-image-1098\" srcset=\"https:\/\/klg-bergstrasse.de\/wp-content\/uploads\/2024\/06\/image12-1024x682.jpeg 1024w, https:\/\/klg-bergstrasse.de\/wp-content\/uploads\/2024\/06\/image12-300x200.jpeg 300w, https:\/\/klg-bergstrasse.de\/wp-content\/uploads\/2024\/06\/image12-768x512.jpeg 768w, https:\/\/klg-bergstrasse.de\/wp-content\/uploads\/2024\/06\/image12-1200x800.jpeg 1200w, https:\/\/klg-bergstrasse.de\/wp-content\/uploads\/2024\/06\/image12.jpeg 1280w\" sizes=\"(max-width: 1024px) 100vw, 1024px\" \/><\/figure>\n\n\n\n<figure class=\"wp-block-image size-large\"><img loading=\"lazy\" decoding=\"async\" width=\"1024\" height=\"682\" data-id=\"1091\" src=\"https:\/\/klg-bergstrasse.de\/wp-content\/uploads\/2024\/06\/image4-1024x682.jpeg\" alt=\"\" class=\"wp-image-1091\" srcset=\"https:\/\/klg-bergstrasse.de\/wp-content\/uploads\/2024\/06\/image4-1024x682.jpeg 1024w, https:\/\/klg-bergstrasse.de\/wp-content\/uploads\/2024\/06\/image4-300x200.jpeg 300w, https:\/\/klg-bergstrasse.de\/wp-content\/uploads\/2024\/06\/image4-768x512.jpeg 768w, https:\/\/klg-bergstrasse.de\/wp-content\/uploads\/2024\/06\/image4-1200x800.jpeg 1200w, https:\/\/klg-bergstrasse.de\/wp-content\/uploads\/2024\/06\/image4.jpeg 1280w\" sizes=\"(max-width: 1024px) 100vw, 1024px\" \/><\/figure>\n\n\n\n<figure class=\"wp-block-image size-large\"><img loading=\"lazy\" decoding=\"async\" width=\"768\" height=\"1024\" data-id=\"1097\" src=\"https:\/\/klg-bergstrasse.de\/wp-content\/uploads\/2024\/06\/image9-768x1024.jpeg\" alt=\"\" class=\"wp-image-1097\" srcset=\"https:\/\/klg-bergstrasse.de\/wp-content\/uploads\/2024\/06\/image9-768x1024.jpeg 768w, https:\/\/klg-bergstrasse.de\/wp-content\/uploads\/2024\/06\/image9-225x300.jpeg 225w, https:\/\/klg-bergstrasse.de\/wp-content\/uploads\/2024\/06\/image9.jpeg 960w\" sizes=\"(max-width: 768px) 100vw, 768px\" \/><\/figure>\n\n\n\n<figure class=\"wp-block-image size-large\"><img loading=\"lazy\" decoding=\"async\" width=\"1024\" height=\"819\" data-id=\"1099\" src=\"https:\/\/klg-bergstrasse.de\/wp-content\/uploads\/2024\/06\/image13-1024x819.jpeg\" alt=\"\" class=\"wp-image-1099\" srcset=\"https:\/\/klg-bergstrasse.de\/wp-content\/uploads\/2024\/06\/image13-1024x819.jpeg 1024w, https:\/\/klg-bergstrasse.de\/wp-content\/uploads\/2024\/06\/image13-300x240.jpeg 300w, https:\/\/klg-bergstrasse.de\/wp-content\/uploads\/2024\/06\/image13-768x614.jpeg 768w, https:\/\/klg-bergstrasse.de\/wp-content\/uploads\/2024\/06\/image13.jpeg 1200w\" sizes=\"(max-width: 1024px) 100vw, 1024px\" \/><\/figure>\n\n\n\n<figure class=\"wp-block-image size-large is-style-default\"><img loading=\"lazy\" decoding=\"async\" width=\"1024\" height=\"682\" data-id=\"1090\" src=\"https:\/\/klg-bergstrasse.de\/wp-content\/uploads\/2024\/06\/image-1-1024x682.jpeg\" alt=\"\" class=\"wp-image-1090\" srcset=\"https:\/\/klg-bergstrasse.de\/wp-content\/uploads\/2024\/06\/image-1-1024x682.jpeg 1024w, https:\/\/klg-bergstrasse.de\/wp-content\/uploads\/2024\/06\/image-1-300x200.jpeg 300w, https:\/\/klg-bergstrasse.de\/wp-content\/uploads\/2024\/06\/image-1-768x512.jpeg 768w, https:\/\/klg-bergstrasse.de\/wp-content\/uploads\/2024\/06\/image-1-1200x800.jpeg 1200w, https:\/\/klg-bergstrasse.de\/wp-content\/uploads\/2024\/06\/image-1.jpeg 1280w\" sizes=\"(max-width: 1024px) 100vw, 1024px\" \/><\/figure>\n\n\n\n<figure class=\"wp-block-image size-large\"><img loading=\"lazy\" decoding=\"async\" width=\"1024\" height=\"682\" data-id=\"1095\" src=\"https:\/\/klg-bergstrasse.de\/wp-content\/uploads\/2024\/06\/image8-1024x682.jpeg\" alt=\"\" class=\"wp-image-1095\" srcset=\"https:\/\/klg-bergstrasse.de\/wp-content\/uploads\/2024\/06\/image8-1024x682.jpeg 1024w, https:\/\/klg-bergstrasse.de\/wp-content\/uploads\/2024\/06\/image8-300x200.jpeg 300w, https:\/\/klg-bergstrasse.de\/wp-content\/uploads\/2024\/06\/image8-768x512.jpeg 768w, https:\/\/klg-bergstrasse.de\/wp-content\/uploads\/2024\/06\/image8-1200x800.jpeg 1200w, https:\/\/klg-bergstrasse.de\/wp-content\/uploads\/2024\/06\/image8.jpeg 1280w\" sizes=\"(max-width: 1024px) 100vw, 1024px\" \/><\/figure>\n\n\n\n<figure class=\"wp-block-image size-large\"><img loading=\"lazy\" decoding=\"async\" width=\"768\" height=\"1024\" data-id=\"1093\" src=\"https:\/\/klg-bergstrasse.de\/wp-content\/uploads\/2024\/06\/image6-768x1024.jpeg\" alt=\"\" class=\"wp-image-1093\" srcset=\"https:\/\/klg-bergstrasse.de\/wp-content\/uploads\/2024\/06\/image6-768x1024.jpeg 768w, https:\/\/klg-bergstrasse.de\/wp-content\/uploads\/2024\/06\/image6-225x300.jpeg 225w, https:\/\/klg-bergstrasse.de\/wp-content\/uploads\/2024\/06\/image6.jpeg 960w\" sizes=\"(max-width: 768px) 100vw, 768px\" \/><\/figure>\n\n\n\n<figure class=\"wp-block-image size-large\"><img loading=\"lazy\" decoding=\"async\" width=\"1024\" height=\"576\" data-id=\"1089\" src=\"https:\/\/klg-bergstrasse.de\/wp-content\/uploads\/2024\/06\/image2-1024x576.jpeg\" alt=\"\" class=\"wp-image-1089\" srcset=\"https:\/\/klg-bergstrasse.de\/wp-content\/uploads\/2024\/06\/image2-1024x576.jpeg 1024w, https:\/\/klg-bergstrasse.de\/wp-content\/uploads\/2024\/06\/image2-300x169.jpeg 300w, https:\/\/klg-bergstrasse.de\/wp-content\/uploads\/2024\/06\/image2-768x432.jpeg 768w, https:\/\/klg-bergstrasse.de\/wp-content\/uploads\/2024\/06\/image2-1200x675.jpeg 1200w, https:\/\/klg-bergstrasse.de\/wp-content\/uploads\/2024\/06\/image2.jpeg 1280w\" sizes=\"(max-width: 1024px) 100vw, 1024px\" \/><\/figure>\n\n\n\n<figure class=\"wp-block-image size-large\"><img loading=\"lazy\" decoding=\"async\" width=\"768\" height=\"1024\" data-id=\"1088\" src=\"https:\/\/klg-bergstrasse.de\/wp-content\/uploads\/2024\/06\/image3-768x1024.jpeg\" alt=\"\" class=\"wp-image-1088\" srcset=\"https:\/\/klg-bergstrasse.de\/wp-content\/uploads\/2024\/06\/image3-768x1024.jpeg 768w, https:\/\/klg-bergstrasse.de\/wp-content\/uploads\/2024\/06\/image3-225x300.jpeg 225w, https:\/\/klg-bergstrasse.de\/wp-content\/uploads\/2024\/06\/image3.jpeg 960w\" sizes=\"(max-width: 768px) 100vw, 768px\" \/><\/figure>\n<\/figure>\n","protected":false},"excerpt":{"rendered":"<p>im Museum Heppenheim Finissage der Ausstellung \u201eFelix Schramm &#8211; The Dew of Dust\u201c Am Sonntag, dem 16. Juni 2024 endete im Sonderausstellungsraum des Heppenheimer Amtshofs eine Ausstellung, die f\u00fcr zehn Wochen hochkar\u00e4tige Kunst von internationalem Format ins Museum Heppenheim gebracht hatte. Zur Finissage der Ausstellung \u201eThe Dew of Dust\u201c des weltweit bekannten Bildhauers und Installationsk\u00fcnstlers [&hellip;]<\/p>\n","protected":false},"author":1,"featured_media":0,"comment_status":"closed","ping_status":"closed","sticky":false,"template":"","format":"standard","meta":{"ngg_post_thumbnail":0,"footnotes":""},"categories":[9,8],"tags":[],"_links":{"self":[{"href":"https:\/\/klg-bergstrasse.de\/index.php?rest_route=\/wp\/v2\/posts\/1071"}],"collection":[{"href":"https:\/\/klg-bergstrasse.de\/index.php?rest_route=\/wp\/v2\/posts"}],"about":[{"href":"https:\/\/klg-bergstrasse.de\/index.php?rest_route=\/wp\/v2\/types\/post"}],"author":[{"embeddable":true,"href":"https:\/\/klg-bergstrasse.de\/index.php?rest_route=\/wp\/v2\/users\/1"}],"replies":[{"embeddable":true,"href":"https:\/\/klg-bergstrasse.de\/index.php?rest_route=%2Fwp%2Fv2%2Fcomments&post=1071"}],"version-history":[{"count":6,"href":"https:\/\/klg-bergstrasse.de\/index.php?rest_route=\/wp\/v2\/posts\/1071\/revisions"}],"predecessor-version":[{"id":1102,"href":"https:\/\/klg-bergstrasse.de\/index.php?rest_route=\/wp\/v2\/posts\/1071\/revisions\/1102"}],"wp:attachment":[{"href":"https:\/\/klg-bergstrasse.de\/index.php?rest_route=%2Fwp%2Fv2%2Fmedia&parent=1071"}],"wp:term":[{"taxonomy":"category","embeddable":true,"href":"https:\/\/klg-bergstrasse.de\/index.php?rest_route=%2Fwp%2Fv2%2Fcategories&post=1071"},{"taxonomy":"post_tag","embeddable":true,"href":"https:\/\/klg-bergstrasse.de\/index.php?rest_route=%2Fwp%2Fv2%2Ftags&post=1071"}],"curies":[{"name":"wp","href":"https:\/\/api.w.org\/{rel}","templated":true}]}}