{"id":1169,"date":"2025-01-10T10:00:12","date_gmt":"2025-01-10T10:00:12","guid":{"rendered":"https:\/\/klg-bergstrasse.de\/?p=1169"},"modified":"2025-01-10T10:00:12","modified_gmt":"2025-01-10T10:00:12","slug":"100-jahre-bauhaus-in-dessau","status":"publish","type":"post","link":"https:\/\/klg-bergstrasse.de\/?p=1169","title":{"rendered":"100 Jahre Bauhaus in Dessau"},"content":{"rendered":"\n<h4 class=\"wp-block-heading p-century-gothic\">Mit Werken von Leo Grewenig<\/h4>\n\n\n\n<p class=\"p-century-gothic\">In den Ausstellungen zum Jubil\u00e4um des Bauhauses in Dessau wird es auch Arbeiten von Leo Grewenig zu sehen geben &#8211; das wurde unserem Vorstandsmitglied Waltraud H\u00f6lscher, Tochter des K\u00fcnstlers, von der Stiftung Bauhaus Dessau vorab mitgeteilt. Zum umfangreichen Jubil\u00e4umnsprogramm hei\u00dft es, dabei gehe es nicht nur darum, den Bau des Geb\u00e4udes zu feiern, sondern auch darum die Leistungen der Bauhaus-K\u00f6pfe zu ehren. Die Stadt Dessau plant ein umfangreiches Programm in ganz Dessau. <\/p>\n\n\n\n<p class=\"p-century-gothic\">Die Jubil\u00e4umsveranstaltungen werden die Jahre 2025 und 2026 umfassen. Den Auftakt wird ein Festival vom 4. bis 7. September 2025 auf dem Bauhaus-Gel\u00e4nde machen. Genaueres zur Einbindung der Grewenig-Bilder in die verschiedenen Ausstellungen wurde noch nicht bekannt.<\/p>\n","protected":false},"excerpt":{"rendered":"<p>Mit Werken von Leo Grewenig In den Ausstellungen zum Jubil\u00e4um des Bauhauses in Dessau wird es auch Arbeiten von Leo Grewenig zu sehen geben &#8211; das wurde unserem Vorstandsmitglied Waltraud H\u00f6lscher, Tochter des K\u00fcnstlers, von der Stiftung Bauhaus Dessau vorab mitgeteilt. Zum umfangreichen Jubil\u00e4umnsprogramm hei\u00dft es, dabei gehe es nicht nur darum, den Bau des [&hellip;]<\/p>\n","protected":false},"author":1,"featured_media":0,"comment_status":"closed","ping_status":"closed","sticky":false,"template":"","format":"standard","meta":{"ngg_post_thumbnail":0,"footnotes":""},"categories":[1],"tags":[],"_links":{"self":[{"href":"https:\/\/klg-bergstrasse.de\/index.php?rest_route=\/wp\/v2\/posts\/1169"}],"collection":[{"href":"https:\/\/klg-bergstrasse.de\/index.php?rest_route=\/wp\/v2\/posts"}],"about":[{"href":"https:\/\/klg-bergstrasse.de\/index.php?rest_route=\/wp\/v2\/types\/post"}],"author":[{"embeddable":true,"href":"https:\/\/klg-bergstrasse.de\/index.php?rest_route=\/wp\/v2\/users\/1"}],"replies":[{"embeddable":true,"href":"https:\/\/klg-bergstrasse.de\/index.php?rest_route=%2Fwp%2Fv2%2Fcomments&post=1169"}],"version-history":[{"count":3,"href":"https:\/\/klg-bergstrasse.de\/index.php?rest_route=\/wp\/v2\/posts\/1169\/revisions"}],"predecessor-version":[{"id":1172,"href":"https:\/\/klg-bergstrasse.de\/index.php?rest_route=\/wp\/v2\/posts\/1169\/revisions\/1172"}],"wp:attachment":[{"href":"https:\/\/klg-bergstrasse.de\/index.php?rest_route=%2Fwp%2Fv2%2Fmedia&parent=1169"}],"wp:term":[{"taxonomy":"category","embeddable":true,"href":"https:\/\/klg-bergstrasse.de\/index.php?rest_route=%2Fwp%2Fv2%2Fcategories&post=1169"},{"taxonomy":"post_tag","embeddable":true,"href":"https:\/\/klg-bergstrasse.de\/index.php?rest_route=%2Fwp%2Fv2%2Ftags&post=1169"}],"curies":[{"name":"wp","href":"https:\/\/api.w.org\/{rel}","templated":true}]}}