{"id":1202,"date":"2025-04-14T09:51:43","date_gmt":"2025-04-14T09:51:43","guid":{"rendered":"https:\/\/klg-bergstrasse.de\/?p=1202"},"modified":"2025-04-14T10:16:20","modified_gmt":"2025-04-14T10:16:20","slug":"eroeffnet-ausstellung-werner-pokorny","status":"publish","type":"post","link":"https:\/\/klg-bergstrasse.de\/?p=1202","title":{"rendered":"Er\u00f6ffnet: Ausstellung Werner Pokorny"},"content":{"rendered":"\n<p class=\"p-century-gothic\">Mit vielen kunstinteressierten G\u00e4sten wurde gestern die Ausstellung mit Metallarbeiten von Werner Pokorny im Museum Heppenheim er\u00f6ffnet. Ein Vortrag von Erich Henrich f\u00fchrte in das Werk des 2022 gestorbenen K\u00fcnstlers ein. Hinweise zur Biografie des nach dem Abitur am Starkenburggymnasium unter anderem als Professor an der Kunstakademie Stuttgart Lehrenden, erg\u00e4nzte der Redner mit einer ausf\u00fchrlichen Darstellung des k\u00fcnstlerischen Werdegangs Pokornys &#8211; von der Konstruktion mit organischem Material wie Holz hin zu den Metallarbeiten, namentlich den nun noch bis zum 8. Juni in Heppenheim ausgestellten Objekten aus Corten-Stahl, die sich mit der archaischen Form des Hauses auseinandersetzen.<\/p>\n\n\n\n<div class=\"wp-block-file\"><a id=\"wp-block-file--media-5fbd828b-9832-4da8-a90f-0af4d87389eb\" href=\"https:\/\/klg-bergstrasse.de\/wp-content\/uploads\/2025\/04\/02-Einfuehrung_Werner-Pokorny_Museum-HP-2_2025-.doc\" target=\"_blank\" rel=\"noreferrer noopener\">Einf\u00fchrungsrede von Erich Henrich<\/a><a href=\"https:\/\/klg-bergstrasse.de\/wp-content\/uploads\/2025\/04\/02-Einfuehrung_Werner-Pokorny_Museum-HP-2_2025-.doc\" class=\"wp-block-file__button wp-element-button\" download aria-describedby=\"wp-block-file--media-5fbd828b-9832-4da8-a90f-0af4d87389eb\">Herunterladen<\/a><\/div>\n\n\n\n<p class=\"p-century-gothic\">Museumsleiterin Luisa Wipplinger dankte Erich Henrich f\u00fcr seine Initiative, Pokornys Werke nach Heppenheim zu holen, und der Kulturinitiative Leo Grewenig f\u00fcr die Unterst\u00fctzung. F\u00fcr die musikalische Umrahmung sorgten Rainer Michels (Saxofone) und Hans-J\u00fcrgen Boysen-Stern (Gitarre).<\/p>\n\n\n\nngg_shortcode_0_placeholder\n\n\n\n<p class=\"p-century-gothic\">In der bewusst rein auf die Wahrnehmung der Objekte konzentrierten Pr\u00e4sentation hatten die G\u00e4ste der Vernissage Gelegenheit, sowohl die vielen Variationsm\u00f6glichkeiten der einfachen Form des Hauses nachzuvollziehen, wie auch die bei aller Beschr\u00e4nkung in den einzelnen Werken zur Wirkung kommende beeindruckende Dynamik und Ausdruckskraft von Winkel und Kreisform zu erleben.<\/p>\n\n\n\n<p class=\"p-century-gothic\">Die Ausstellung &#8222;Werner Pokorny &#8211; Skulpturen&#8220; l\u00e4uft bis zum 8. Juni, ge\u00f6ffnet mittwochs, donnerstags und samstags sowie sonn- und feiertags jeweils von 14 bis 17 Uhr.<\/p>\n\n\n\n<p class=\"p-century-gothic\">F\u00fchrungen werden am Ostermontag (21. April) und am Sonntag, 18. Mail angeboten, jeweils um 15 Uhr.<\/p>\n","protected":false},"excerpt":{"rendered":"<p>Mit vielen kunstinteressierten G\u00e4sten wurde gestern die Ausstellung mit Metallarbeiten von Werner Pokorny im Museum Heppenheim er\u00f6ffnet. Ein Vortrag von Erich Henrich f\u00fchrte in das Werk des 2022 gestorbenen K\u00fcnstlers ein. Hinweise zur Biografie des nach dem Abitur am Starkenburggymnasium unter anderem als Professor an der Kunstakademie Stuttgart Lehrenden, erg\u00e4nzte der Redner mit einer ausf\u00fchrlichen [&hellip;]<\/p>\n","protected":false},"author":1,"featured_media":0,"comment_status":"closed","ping_status":"closed","sticky":false,"template":"","format":"standard","meta":{"ngg_post_thumbnail":0,"footnotes":""},"categories":[9,8],"tags":[],"_links":{"self":[{"href":"https:\/\/klg-bergstrasse.de\/index.php?rest_route=\/wp\/v2\/posts\/1202"}],"collection":[{"href":"https:\/\/klg-bergstrasse.de\/index.php?rest_route=\/wp\/v2\/posts"}],"about":[{"href":"https:\/\/klg-bergstrasse.de\/index.php?rest_route=\/wp\/v2\/types\/post"}],"author":[{"embeddable":true,"href":"https:\/\/klg-bergstrasse.de\/index.php?rest_route=\/wp\/v2\/users\/1"}],"replies":[{"embeddable":true,"href":"https:\/\/klg-bergstrasse.de\/index.php?rest_route=%2Fwp%2Fv2%2Fcomments&post=1202"}],"version-history":[{"count":11,"href":"https:\/\/klg-bergstrasse.de\/index.php?rest_route=\/wp\/v2\/posts\/1202\/revisions"}],"predecessor-version":[{"id":1231,"href":"https:\/\/klg-bergstrasse.de\/index.php?rest_route=\/wp\/v2\/posts\/1202\/revisions\/1231"}],"wp:attachment":[{"href":"https:\/\/klg-bergstrasse.de\/index.php?rest_route=%2Fwp%2Fv2%2Fmedia&parent=1202"}],"wp:term":[{"taxonomy":"category","embeddable":true,"href":"https:\/\/klg-bergstrasse.de\/index.php?rest_route=%2Fwp%2Fv2%2Fcategories&post=1202"},{"taxonomy":"post_tag","embeddable":true,"href":"https:\/\/klg-bergstrasse.de\/index.php?rest_route=%2Fwp%2Fv2%2Ftags&post=1202"}],"curies":[{"name":"wp","href":"https:\/\/api.w.org\/{rel}","templated":true}]}}