{"id":131,"date":"2011-12-30T10:16:00","date_gmt":"2011-12-30T10:16:00","guid":{"rendered":"https:\/\/klg-bergstrasse.de\/?p=131"},"modified":"2020-04-17T16:57:41","modified_gmt":"2020-04-17T16:57:41","slug":"vortrag-bauhaus-dessau","status":"publish","type":"post","link":"https:\/\/klg-bergstrasse.de\/?p=131","title":{"rendered":"Vortrag: Bauhaus Dessau"},"content":{"rendered":"\n<div class=\"wp-block-group alignfull\"><div class=\"wp-block-group__inner-container is-layout-flow wp-block-group-is-layout-flow\">\n<p class=\"p-century-gothic\">Am 18.01.2012 um 19.30 Uhr l\u00e4dt die Kulturinitiative Leo Grewenig e.V. alle Interessierten zum ersten Vortrag im neuen Jahr in den Kurzmainzer Amtshof\/ Marstall in Heppenheim ein. Wir freuen uns sehr, dass der Leiter der Sammlungen der Stiftung Bauhaus Dessau Herr Wolfgang Th\u00f6ner \u00fcber &#8222;Das Bauhaus 1919\u20131933 und die Stiftung Bauhaus Dessau \u2013 Erbe und Aktualisierung der Moderne&#8220; referieren wird. Im Anschluss laden wir zu einer Diskussionsrunde ein. Der Vortrag findet begleitend zur aktuellen Ausstellung &#8222;Leo Grewenig&#8220; im Museum Heppenheim statt; diese ist am Abend des Vortrages bereits ab 18.30 Uhr ge\u00f6ffnet.<\/p>\n\n\n\n<figure class=\"wp-block-image size-large\"><img loading=\"lazy\" decoding=\"async\" width=\"157\" height=\"314\" src=\"https:\/\/klg-bergstrasse.de\/wp-content\/uploads\/2020\/04\/Einladung-Th\u00f6ner-1-Kopie-157x314-1.jpg\" alt=\"\" class=\"wp-image-135\" srcset=\"https:\/\/klg-bergstrasse.de\/wp-content\/uploads\/2020\/04\/Einladung-Th\u00f6ner-1-Kopie-157x314-1.jpg 157w, https:\/\/klg-bergstrasse.de\/wp-content\/uploads\/2020\/04\/Einladung-Th\u00f6ner-1-Kopie-157x314-1-150x300.jpg 150w\" sizes=\"(max-width: 157px) 100vw, 157px\" \/><\/figure>\n<\/div><\/div>\n\n\n\n<p class=\"p-century-gothic\">Das Bauhaus Dessau war eine kreative, experimentell und interdisziplin\u00e4r arbeitende Schule, die f\u00fcr die industriell gepr\u00e4gte Moderne neue, zeitgem\u00e4\u00dfe Impulse und Antworten in Architektur, Design und Kunst suchte. Die heutige Stiftung Bauhaus Dessau widmet sich der Auseinandersetzung mit dem Erbe des historischen Bauhauses und der Arbeit zu gegenw\u00e4rtigen Problemen.<\/p>\n\n\n\n<p class=\"p-century-gothic\">Der Vortrag stellt die wichtigsten Etappen der Bauhausgeschichte vor und er\u00f6rtert vor diesem Hintergrund an ausgew\u00e4hlten Architektur-, Design- und Kunstprojekten die bei allen Gemeinsamkeiten doch erheblichen Unterschiede in den Konzepten der drei Direktoren Walter Gropius (1919-1928), Hannes Meyer (1928-1930) und Ludwig Mies van der Rohe (1930-1933). Die Spannungen und der Streit dieser \u201everschieden gerichteten Kr\u00e4fte\u201c, die schon 1922 Paul Klee am Bauhaus wirken sah, bestimmte und bestimmt die Bauhaus-Rezeption bis in unsere Tage.<\/p>\n\n\n\n<p class=\"p-century-gothic\">Auch die Stiftung Bauhaus Dessau positioniert sich in ihrem Bezug auf das Bauhauserbe bei ihren Projekten einer zeitgem\u00e4\u00dfen Aktualisierung der Moderne. In diesem Spannungsfeld von Bewahrung und Aktualisierung stehen die aktuellen Projekte der Bereiche Werkstatt, Akademie und Sammlung, von denen einige vorgestellt werden.<\/p>\n\n\n\n<p class=\"p-century-gothic\">Herr Th\u00f6ner studierte Kunsterziehung und Germanistik an der Humboldt-Universit\u00e4t Berlin und ist seit 1985&nbsp;wissenschaftlicher Mitarbeiter an der Stiftung Bauhaus Dessau. Seine Schwerpunkte liegen in der Bauhausgeschichte 1919-1933, Bauhausrezeption und Kultur der Moderne. Gegenw\u00e4rtig leitet er ein Forschungsprojekt zum Thema Funktionalismus.<\/p>\n\n\n\n<p class=\"p-century-gothic\">Weitere Informationen zu Wolfgang Th\u00f6ner finden Sie unter <a rel=\"noreferrer noopener\" href=\"https:\/\/www.bauhaus-dessau.de\/index.php?lebenslauf-wolfgang-thoener\" target=\"_blank\">Bauhaus Dessau<\/a>.<\/p>\n","protected":false},"excerpt":{"rendered":"<p>Am 18.01.2012 um 19.30 Uhr l\u00e4dt die Kulturinitiative Leo Grewenig e.V. alle Interessierten zum ersten Vortrag im neuen Jahr in den Kurzmainzer Amtshof\/ Marstall in Heppenheim ein. Wir freuen uns sehr, dass der Leiter der Sammlungen der Stiftung Bauhaus Dessau Herr Wolfgang Th\u00f6ner \u00fcber &#8222;Das Bauhaus 1919\u20131933 und die Stiftung Bauhaus Dessau \u2013 Erbe und [&hellip;]<\/p>\n","protected":false},"author":1,"featured_media":0,"comment_status":"closed","ping_status":"closed","sticky":false,"template":"","format":"standard","meta":{"ngg_post_thumbnail":0,"footnotes":""},"categories":[11],"tags":[],"_links":{"self":[{"href":"https:\/\/klg-bergstrasse.de\/index.php?rest_route=\/wp\/v2\/posts\/131"}],"collection":[{"href":"https:\/\/klg-bergstrasse.de\/index.php?rest_route=\/wp\/v2\/posts"}],"about":[{"href":"https:\/\/klg-bergstrasse.de\/index.php?rest_route=\/wp\/v2\/types\/post"}],"author":[{"embeddable":true,"href":"https:\/\/klg-bergstrasse.de\/index.php?rest_route=\/wp\/v2\/users\/1"}],"replies":[{"embeddable":true,"href":"https:\/\/klg-bergstrasse.de\/index.php?rest_route=%2Fwp%2Fv2%2Fcomments&post=131"}],"version-history":[{"count":3,"href":"https:\/\/klg-bergstrasse.de\/index.php?rest_route=\/wp\/v2\/posts\/131\/revisions"}],"predecessor-version":[{"id":431,"href":"https:\/\/klg-bergstrasse.de\/index.php?rest_route=\/wp\/v2\/posts\/131\/revisions\/431"}],"wp:attachment":[{"href":"https:\/\/klg-bergstrasse.de\/index.php?rest_route=%2Fwp%2Fv2%2Fmedia&parent=131"}],"wp:term":[{"taxonomy":"category","embeddable":true,"href":"https:\/\/klg-bergstrasse.de\/index.php?rest_route=%2Fwp%2Fv2%2Fcategories&post=131"},{"taxonomy":"post_tag","embeddable":true,"href":"https:\/\/klg-bergstrasse.de\/index.php?rest_route=%2Fwp%2Fv2%2Ftags&post=131"}],"curies":[{"name":"wp","href":"https:\/\/api.w.org\/{rel}","templated":true}]}}