{"id":148,"date":"2014-03-15T12:46:00","date_gmt":"2014-03-15T12:46:00","guid":{"rendered":"https:\/\/klg-bergstrasse.de\/?p=148"},"modified":"2020-04-17T16:20:17","modified_gmt":"2020-04-17T16:20:17","slug":"fruehjahrsexkursion-baden-baden-und-strassburg","status":"publish","type":"post","link":"https:\/\/klg-bergstrasse.de\/?p=148","title":{"rendered":"Fr\u00fchjahrsexkursion 2014"},"content":{"rendered":"\n<h2 class=\"wp-block-heading\">Baden-Baden und Stra\u00dfburg<\/h2>\n\n\n\n<p class=\"p-century-gothic\">Der Vorstand der KLG l\u00e4dt Mitglieder und Freunde sehr herzlich zur Fr\u00fchjahrsexkursion 2014 nach Baden-Baden und Stra\u00dfburg ein.<\/p>\n","protected":false},"excerpt":{"rendered":"<p>Baden-Baden und Stra\u00dfburg Der Vorstand der KLG l\u00e4dt Mitglieder und Freunde sehr herzlich zur Fr\u00fchjahrsexkursion 2014 nach Baden-Baden und Stra\u00dfburg ein.<\/p>\n","protected":false},"author":1,"featured_media":0,"comment_status":"closed","ping_status":"closed","sticky":false,"template":"","format":"standard","meta":{"ngg_post_thumbnail":0,"footnotes":""},"categories":[10],"tags":[],"_links":{"self":[{"href":"https:\/\/klg-bergstrasse.de\/index.php?rest_route=\/wp\/v2\/posts\/148"}],"collection":[{"href":"https:\/\/klg-bergstrasse.de\/index.php?rest_route=\/wp\/v2\/posts"}],"about":[{"href":"https:\/\/klg-bergstrasse.de\/index.php?rest_route=\/wp\/v2\/types\/post"}],"author":[{"embeddable":true,"href":"https:\/\/klg-bergstrasse.de\/index.php?rest_route=\/wp\/v2\/users\/1"}],"replies":[{"embeddable":true,"href":"https:\/\/klg-bergstrasse.de\/index.php?rest_route=%2Fwp%2Fv2%2Fcomments&post=148"}],"version-history":[{"count":4,"href":"https:\/\/klg-bergstrasse.de\/index.php?rest_route=\/wp\/v2\/posts\/148\/revisions"}],"predecessor-version":[{"id":425,"href":"https:\/\/klg-bergstrasse.de\/index.php?rest_route=\/wp\/v2\/posts\/148\/revisions\/425"}],"wp:attachment":[{"href":"https:\/\/klg-bergstrasse.de\/index.php?rest_route=%2Fwp%2Fv2%2Fmedia&parent=148"}],"wp:term":[{"taxonomy":"category","embeddable":true,"href":"https:\/\/klg-bergstrasse.de\/index.php?rest_route=%2Fwp%2Fv2%2Fcategories&post=148"},{"taxonomy":"post_tag","embeddable":true,"href":"https:\/\/klg-bergstrasse.de\/index.php?rest_route=%2Fwp%2Fv2%2Ftags&post=148"}],"curies":[{"name":"wp","href":"https:\/\/api.w.org\/{rel}","templated":true}]}}