{"id":210,"date":"2015-11-15T16:46:12","date_gmt":"2015-11-15T16:46:12","guid":{"rendered":"https:\/\/klg-bergstrasse.de\/?p=210"},"modified":"2020-04-17T16:17:15","modified_gmt":"2020-04-17T16:17:15","slug":"herbstexkursion-2015","status":"publish","type":"post","link":"https:\/\/klg-bergstrasse.de\/?p=210","title":{"rendered":"Herbstexkursion 2015"},"content":{"rendered":"\n<h2 class=\"wp-block-heading\">Hombroich und D\u00fcsseldorf<\/h2>\n\n\n\n<p class=\"p-century-gothic\">Die mehrt\u00e4gige Fahrt f\u00fchrte zur Museumsinsel Hombroich und in die Langen Foundation. Au\u00dferdem hatte der Installationsk\u00fcnstler Felix Schramm in sein D\u00fcsseldorfer Atelier eingeladen.<\/p>\n\n\n\n<p><\/p>\n","protected":false},"excerpt":{"rendered":"<p>Hombroich und D\u00fcsseldorf Die mehrt\u00e4gige Fahrt f\u00fchrte zur Museumsinsel Hombroich und in die Langen Foundation. Au\u00dferdem hatte der Installationsk\u00fcnstler Felix Schramm in sein D\u00fcsseldorfer Atelier eingeladen.<\/p>\n","protected":false},"author":1,"featured_media":0,"comment_status":"closed","ping_status":"closed","sticky":false,"template":"","format":"standard","meta":{"ngg_post_thumbnail":0,"footnotes":""},"categories":[10],"tags":[],"_links":{"self":[{"href":"https:\/\/klg-bergstrasse.de\/index.php?rest_route=\/wp\/v2\/posts\/210"}],"collection":[{"href":"https:\/\/klg-bergstrasse.de\/index.php?rest_route=\/wp\/v2\/posts"}],"about":[{"href":"https:\/\/klg-bergstrasse.de\/index.php?rest_route=\/wp\/v2\/types\/post"}],"author":[{"embeddable":true,"href":"https:\/\/klg-bergstrasse.de\/index.php?rest_route=\/wp\/v2\/users\/1"}],"replies":[{"embeddable":true,"href":"https:\/\/klg-bergstrasse.de\/index.php?rest_route=%2Fwp%2Fv2%2Fcomments&post=210"}],"version-history":[{"count":2,"href":"https:\/\/klg-bergstrasse.de\/index.php?rest_route=\/wp\/v2\/posts\/210\/revisions"}],"predecessor-version":[{"id":417,"href":"https:\/\/klg-bergstrasse.de\/index.php?rest_route=\/wp\/v2\/posts\/210\/revisions\/417"}],"wp:attachment":[{"href":"https:\/\/klg-bergstrasse.de\/index.php?rest_route=%2Fwp%2Fv2%2Fmedia&parent=210"}],"wp:term":[{"taxonomy":"category","embeddable":true,"href":"https:\/\/klg-bergstrasse.de\/index.php?rest_route=%2Fwp%2Fv2%2Fcategories&post=210"},{"taxonomy":"post_tag","embeddable":true,"href":"https:\/\/klg-bergstrasse.de\/index.php?rest_route=%2Fwp%2Fv2%2Ftags&post=210"}],"curies":[{"name":"wp","href":"https:\/\/api.w.org\/{rel}","templated":true}]}}