{"id":226,"date":"2020-03-16T17:02:00","date_gmt":"2020-03-16T17:02:00","guid":{"rendered":"https:\/\/klg-bergstrasse.de\/?p=226"},"modified":"2020-04-17T16:06:30","modified_gmt":"2020-04-17T16:06:30","slug":"schade","status":"publish","type":"post","link":"https:\/\/klg-bergstrasse.de\/?p=226","title":{"rendered":"Schade &#8230;"},"content":{"rendered":"\n<p class=\"p-century-gothic\">&#8230; zur Er\u00f6ffnung der Ausstellung &#8222;Geste &#8211; Maske &#8211; Tanz&#8220; mussten die T\u00fcren am Sonntag dann doch ganz geschlossen bleiben. Das war im Sinne der Gesundheitsvorsorge f\u00fcr alle wichtig und sicher sinnvoll. Aber nat\u00fcrlich ist es schade f\u00fcr alle, die sich umsonst auf den Weg gemacht hatten. Und es ist sehr schade, weil die Ausstellung m\u00f6glicherweise \u00fcber die ganze vorgesehene Laufzeit geschlossen bleiben muss.<\/p>\n\n\n\n<p class=\"p-century-gothic\">Wir werden in den n\u00e4chsten Tagen aber versuchen, zumindest einige der sch\u00f6nen Exponate, so gut es geht, auf dieser Website zu dokumentieren.<\/p>\n\n\n\n<p><\/p>\n\n\n\n<figure class=\"wp-block-image size-large p-century-gothic\"><img loading=\"lazy\" decoding=\"async\" width=\"1024\" height=\"768\" src=\"https:\/\/klg-bergstrasse.de\/wp-content\/uploads\/2020\/04\/IMG_20200315_112209-1024x768.jpg\" alt=\"\" class=\"wp-image-227\" srcset=\"https:\/\/klg-bergstrasse.de\/wp-content\/uploads\/2020\/04\/IMG_20200315_112209-1024x768.jpg 1024w, https:\/\/klg-bergstrasse.de\/wp-content\/uploads\/2020\/04\/IMG_20200315_112209-300x225.jpg 300w, https:\/\/klg-bergstrasse.de\/wp-content\/uploads\/2020\/04\/IMG_20200315_112209-768x576.jpg 768w, https:\/\/klg-bergstrasse.de\/wp-content\/uploads\/2020\/04\/IMG_20200315_112209-1536x1152.jpg 1536w, https:\/\/klg-bergstrasse.de\/wp-content\/uploads\/2020\/04\/IMG_20200315_112209-2048x1536.jpg 2048w, https:\/\/klg-bergstrasse.de\/wp-content\/uploads\/2020\/04\/IMG_20200315_112209-1200x900.jpg 1200w, https:\/\/klg-bergstrasse.de\/wp-content\/uploads\/2020\/04\/IMG_20200315_112209-1980x1485.jpg 1980w\" sizes=\"(max-width: 1024px) 100vw, 1024px\" \/><figcaption>Ohne Besucher: Blick in die Ausstellung &#8222;Geste &#8211; Maske &#8211; Tanz&#8220; im Museum Heppenheim. Links in der Vitrine sieht man eine Replik von einem der sch\u00f6nen (sp\u00e4ter verbrannten) Kost\u00fcme, die bei den innovativen Tanzauff\u00fchrungen der 1919 gegr\u00fcndeten &#8222;Loheland Schule f\u00fcr K\u00f6rperbildung, Landbau und Handwerk&#8220; verwendet wurden.. Foto: klg-bergstrasse, CC BY-ND 4.0<\/figcaption><\/figure>\n","protected":false},"excerpt":{"rendered":"<p>&#8230; zur Er\u00f6ffnung der Ausstellung &#8222;Geste &#8211; Maske &#8211; Tanz&#8220; mussten die T\u00fcren am Sonntag dann doch ganz geschlossen bleiben. Das war im Sinne der Gesundheitsvorsorge f\u00fcr alle wichtig und sicher sinnvoll. Aber nat\u00fcrlich ist es schade f\u00fcr alle, die sich umsonst auf den Weg gemacht hatten. Und es ist sehr schade, weil die Ausstellung [&hellip;]<\/p>\n","protected":false},"author":1,"featured_media":0,"comment_status":"closed","ping_status":"closed","sticky":false,"template":"","format":"standard","meta":{"ngg_post_thumbnail":0,"footnotes":""},"categories":[8],"tags":[],"_links":{"self":[{"href":"https:\/\/klg-bergstrasse.de\/index.php?rest_route=\/wp\/v2\/posts\/226"}],"collection":[{"href":"https:\/\/klg-bergstrasse.de\/index.php?rest_route=\/wp\/v2\/posts"}],"about":[{"href":"https:\/\/klg-bergstrasse.de\/index.php?rest_route=\/wp\/v2\/types\/post"}],"author":[{"embeddable":true,"href":"https:\/\/klg-bergstrasse.de\/index.php?rest_route=\/wp\/v2\/users\/1"}],"replies":[{"embeddable":true,"href":"https:\/\/klg-bergstrasse.de\/index.php?rest_route=%2Fwp%2Fv2%2Fcomments&post=226"}],"version-history":[{"count":3,"href":"https:\/\/klg-bergstrasse.de\/index.php?rest_route=\/wp\/v2\/posts\/226\/revisions"}],"predecessor-version":[{"id":397,"href":"https:\/\/klg-bergstrasse.de\/index.php?rest_route=\/wp\/v2\/posts\/226\/revisions\/397"}],"wp:attachment":[{"href":"https:\/\/klg-bergstrasse.de\/index.php?rest_route=%2Fwp%2Fv2%2Fmedia&parent=226"}],"wp:term":[{"taxonomy":"category","embeddable":true,"href":"https:\/\/klg-bergstrasse.de\/index.php?rest_route=%2Fwp%2Fv2%2Fcategories&post=226"},{"taxonomy":"post_tag","embeddable":true,"href":"https:\/\/klg-bergstrasse.de\/index.php?rest_route=%2Fwp%2Fv2%2Ftags&post=226"}],"curies":[{"name":"wp","href":"https:\/\/api.w.org\/{rel}","templated":true}]}}