{"id":845,"date":"2023-02-01T11:22:47","date_gmt":"2023-02-01T11:22:47","guid":{"rendered":"https:\/\/klg-bergstrasse.de\/?p=845"},"modified":"2023-02-01T11:22:47","modified_gmt":"2023-02-01T11:22:47","slug":"exkursion-loheland","status":"publish","type":"post","link":"https:\/\/klg-bergstrasse.de\/?p=845","title":{"rendered":"Exkursion Loheland"},"content":{"rendered":"\n<p><\/p>\n\n\n\n<p class=\"p-century-gothic\">Endlich k\u00f6nnen wir wieder gemeinsam unterwegs sein! Die erste Bus-Exkursion \u201enach der Pandemie\u201c wird uns am Samstag, 29. April zur Siedlung Loheland bei Fulda f\u00fchren.<br>Diese Einrichtung nur f\u00fcr Frauen wurde 1919 gegr\u00fcndet und ist landesweit vor allem durch die Loheland-Gymnastik sowie die kunstgewerblichen Produkte der Loheland-Werkst\u00e4tten bekannt geworden. Arbeiten und Leben sollten dort Hand in Hand gehen. Die Lohel\u00e4nderinnen integrierten Gymnastik, Tanz, Garten- und Ackerbau, Handwerk und Kunst in ihrem Konzept. Die Loheland-Siedlung stellte in den 20er Jahren ein (wenn auch relativ unbekanntes) Pendant zum Bauhaus dar.<\/p>\n\n\n\n<p class=\"p-century-gothic\">Durch Kontakte unseres ersten Vorsitzenden Erich Henrich haben wir Gelegenheit, die Siedlung mit Informationen aus erster Hand, n\u00e4mlich in einer F\u00fchrung durch die ehemalige Leiterin des Archivs, kennenzulernen.<\/p>\n\n\n\n<p class=\"p-century-gothic\">Anschlie\u00dfend fahren wir nach Fulda zu F\u00fchrungen durch das Museum \u201eVilla Franz Erhard Walther\u201c und durch den Dom und die karolingische Michaelskapelle.<\/p>\n\n\n\n<p class=\"p-century-gothic\">Abfahrt ist um 7.30 Uhr, die R\u00fcckkunft ist f\u00fcr etwa 20 Uhr geplant.<\/p>\n\n\n\n<p class=\"p-century-gothic\">Hier finden Sie die Details zur Fahrt:<\/p>\n\n\n\n<div class=\"wp-block-buttons is-layout-flex wp-block-buttons-is-layout-flex\"><\/div>\n\n\n\n<div class=\"wp-block-file\"><a href=\"https:\/\/klg-bergstrasse.de\/wp-content\/uploads\/2023\/02\/03-Anhang-z.-Einladung-KLG-Fruehjahrsexkursion-Loheland-Fulda-2023.pdf\">Einladung<\/a><a href=\"https:\/\/klg-bergstrasse.de\/wp-content\/uploads\/2023\/02\/03-Anhang-z.-Einladung-KLG-Fruehjahrsexkursion-Loheland-Fulda-2023.pdf\" class=\"wp-block-file__button\" download>Herunterladen<\/a><\/div>\n\n\n\n<div class=\"wp-block-file\"><a href=\"https:\/\/klg-bergstrasse.de\/wp-content\/uploads\/2023\/02\/Programm.pdf\">Programm<\/a><a href=\"https:\/\/klg-bergstrasse.de\/wp-content\/uploads\/2023\/02\/Programm.pdf\" class=\"wp-block-file__button\" download>Herunterladen<\/a><\/div>\n\n\n\n<p><\/p>\n","protected":false},"excerpt":{"rendered":"<p>Endlich k\u00f6nnen wir wieder gemeinsam unterwegs sein! Die erste Bus-Exkursion \u201enach der Pandemie\u201c wird uns am Samstag, 29. April zur Siedlung Loheland bei Fulda f\u00fchren.Diese Einrichtung nur f\u00fcr Frauen wurde 1919 gegr\u00fcndet und ist landesweit vor allem durch die Loheland-Gymnastik sowie die kunstgewerblichen Produkte der Loheland-Werkst\u00e4tten bekannt geworden. Arbeiten und Leben sollten dort Hand in [&hellip;]<\/p>\n","protected":false},"author":1,"featured_media":0,"comment_status":"closed","ping_status":"closed","sticky":false,"template":"","format":"standard","meta":{"ngg_post_thumbnail":0,"footnotes":""},"categories":[10,8],"tags":[],"_links":{"self":[{"href":"https:\/\/klg-bergstrasse.de\/index.php?rest_route=\/wp\/v2\/posts\/845"}],"collection":[{"href":"https:\/\/klg-bergstrasse.de\/index.php?rest_route=\/wp\/v2\/posts"}],"about":[{"href":"https:\/\/klg-bergstrasse.de\/index.php?rest_route=\/wp\/v2\/types\/post"}],"author":[{"embeddable":true,"href":"https:\/\/klg-bergstrasse.de\/index.php?rest_route=\/wp\/v2\/users\/1"}],"replies":[{"embeddable":true,"href":"https:\/\/klg-bergstrasse.de\/index.php?rest_route=%2Fwp%2Fv2%2Fcomments&post=845"}],"version-history":[{"count":6,"href":"https:\/\/klg-bergstrasse.de\/index.php?rest_route=\/wp\/v2\/posts\/845\/revisions"}],"predecessor-version":[{"id":859,"href":"https:\/\/klg-bergstrasse.de\/index.php?rest_route=\/wp\/v2\/posts\/845\/revisions\/859"}],"wp:attachment":[{"href":"https:\/\/klg-bergstrasse.de\/index.php?rest_route=%2Fwp%2Fv2%2Fmedia&parent=845"}],"wp:term":[{"taxonomy":"category","embeddable":true,"href":"https:\/\/klg-bergstrasse.de\/index.php?rest_route=%2Fwp%2Fv2%2Fcategories&post=845"},{"taxonomy":"post_tag","embeddable":true,"href":"https:\/\/klg-bergstrasse.de\/index.php?rest_route=%2Fwp%2Fv2%2Ftags&post=845"}],"curies":[{"name":"wp","href":"https:\/\/api.w.org\/{rel}","templated":true}]}}