{"id":918,"date":"2023-03-20T11:23:00","date_gmt":"2023-03-20T11:23:00","guid":{"rendered":"https:\/\/klg-bergstrasse.de\/?p=918"},"modified":"2023-03-17T11:27:11","modified_gmt":"2023-03-17T11:27:11","slug":"trauer-um-brigitte-frank","status":"publish","type":"post","link":"https:\/\/klg-bergstrasse.de\/?p=918","title":{"rendered":"Trauer um Brigitte Frank"},"content":{"rendered":"\n<p class=\"p-century-gothic\">Mit Bedauern haben wir in der Zeitung gelesen, dass Brigitte Frank im Februar dieses Jahres gestorben ist. Sie war seit vielen Jahren Mitglied in unserem Verein und war mit uns auf vielen Exkursionen. Sie hat uns dabei mit ihrer zur\u00fcckhaltend humorvollen Art und ihrem breiten Wissen beeindruckt, aber auch mit ihrer R\u00fcstigkeit im hohen Alter.<\/p>\n\n\n\n<p class=\"p-century-gothic\">Brigitte Frank ist in der Region vielen als langj\u00e4hrige stellvertretende Schulleiterin des Bensheimer Goethe-Gymnasiums bekannt. Nicht zuletzt hatte sie gro\u00dfen Anteil an der Rezeption des Werkes ihres Vaters Franz Frank an der Bergstra\u00dfe, der mit seinem vom Expressionismus beeinflussten Werk den Malern der \u201everschollenen Generation\u201c zugerechnet wird.<\/p>\n","protected":false},"excerpt":{"rendered":"<p>Mit Bedauern haben wir in der Zeitung gelesen, dass Brigitte Frank im Februar dieses Jahres gestorben ist. Sie war seit vielen Jahren Mitglied in unserem Verein und war mit uns auf vielen Exkursionen. Sie hat uns dabei mit ihrer zur\u00fcckhaltend humorvollen Art und ihrem breiten Wissen beeindruckt, aber auch mit ihrer R\u00fcstigkeit im hohen Alter. [&hellip;]<\/p>\n","protected":false},"author":1,"featured_media":0,"comment_status":"closed","ping_status":"closed","sticky":false,"template":"","format":"standard","meta":{"ngg_post_thumbnail":0,"footnotes":""},"categories":[8],"tags":[],"_links":{"self":[{"href":"https:\/\/klg-bergstrasse.de\/index.php?rest_route=\/wp\/v2\/posts\/918"}],"collection":[{"href":"https:\/\/klg-bergstrasse.de\/index.php?rest_route=\/wp\/v2\/posts"}],"about":[{"href":"https:\/\/klg-bergstrasse.de\/index.php?rest_route=\/wp\/v2\/types\/post"}],"author":[{"embeddable":true,"href":"https:\/\/klg-bergstrasse.de\/index.php?rest_route=\/wp\/v2\/users\/1"}],"replies":[{"embeddable":true,"href":"https:\/\/klg-bergstrasse.de\/index.php?rest_route=%2Fwp%2Fv2%2Fcomments&post=918"}],"version-history":[{"count":3,"href":"https:\/\/klg-bergstrasse.de\/index.php?rest_route=\/wp\/v2\/posts\/918\/revisions"}],"predecessor-version":[{"id":921,"href":"https:\/\/klg-bergstrasse.de\/index.php?rest_route=\/wp\/v2\/posts\/918\/revisions\/921"}],"wp:attachment":[{"href":"https:\/\/klg-bergstrasse.de\/index.php?rest_route=%2Fwp%2Fv2%2Fmedia&parent=918"}],"wp:term":[{"taxonomy":"category","embeddable":true,"href":"https:\/\/klg-bergstrasse.de\/index.php?rest_route=%2Fwp%2Fv2%2Fcategories&post=918"},{"taxonomy":"post_tag","embeddable":true,"href":"https:\/\/klg-bergstrasse.de\/index.php?rest_route=%2Fwp%2Fv2%2Ftags&post=918"}],"curies":[{"name":"wp","href":"https:\/\/api.w.org\/{rel}","templated":true}]}}