{"id":959,"date":"2023-07-10T07:53:33","date_gmt":"2023-07-10T07:53:33","guid":{"rendered":"https:\/\/klg-bergstrasse.de\/?p=959"},"modified":"2023-07-18T10:37:54","modified_gmt":"2023-07-18T10:37:54","slug":"sonderfuehrung-im-museum-bensheim","status":"publish","type":"post","link":"https:\/\/klg-bergstrasse.de\/?p=959","title":{"rendered":"Sonderf\u00fchrung im Museum Bensheim!"},"content":{"rendered":"\n<pre class=\"wp-block-preformatted p-century-gothic\">Liebe KLG-Mitglieder,\n\ndas Museum Bensheim veranstaltet am Samstag, 22. Juli um 15.00 Uhr eine exklusive F\u00fchrung f\u00fcr KLG-Mitglieder in der aktuellen Leo Grewenig-Ausstellung. Dazu sind Sie herzlich eingeladen. Es ist keine Anmeldung erforderlich. Sie k\u00f6nnen einfach ins Museum kommen.\nAu\u00dferdem bietet das Museum f\u00fcr KLG-Mitglieder den ausstellungsbegleitenden Katalog zum Vorzugspreis von 10,00 \u20ac (statt 15.00 \u20ac) an.\n\nMit herzlichen Gr\u00fc\u00dfen\nErich Henrich<\/pre>\n\n\n\n<figure class=\"wp-block-image size-large\"><img loading=\"lazy\" decoding=\"async\" width=\"1024\" height=\"768\" src=\"https:\/\/klg-bergstrasse.de\/wp-content\/uploads\/2023\/07\/Ausstellung-Surreale-Welten-2-1024x768.jpg\" alt=\"\" class=\"wp-image-964\" srcset=\"https:\/\/klg-bergstrasse.de\/wp-content\/uploads\/2023\/07\/Ausstellung-Surreale-Welten-2-1024x768.jpg 1024w, https:\/\/klg-bergstrasse.de\/wp-content\/uploads\/2023\/07\/Ausstellung-Surreale-Welten-2-300x225.jpg 300w, https:\/\/klg-bergstrasse.de\/wp-content\/uploads\/2023\/07\/Ausstellung-Surreale-Welten-2-768x576.jpg 768w, https:\/\/klg-bergstrasse.de\/wp-content\/uploads\/2023\/07\/Ausstellung-Surreale-Welten-2-1536x1152.jpg 1536w, https:\/\/klg-bergstrasse.de\/wp-content\/uploads\/2023\/07\/Ausstellung-Surreale-Welten-2-2048x1536.jpg 2048w, https:\/\/klg-bergstrasse.de\/wp-content\/uploads\/2023\/07\/Ausstellung-Surreale-Welten-2-1200x900.jpg 1200w, https:\/\/klg-bergstrasse.de\/wp-content\/uploads\/2023\/07\/Ausstellung-Surreale-Welten-2-1980x1485.jpg 1980w\" sizes=\"(max-width: 1024px) 100vw, 1024px\" \/><figcaption>Blick in die Ausstellung &#8222;Leo Grewenig &#8211; Surreale Welten der 1950er Jahre&#8220; im Museum Bensheim<\/figcaption><\/figure>\n","protected":false},"excerpt":{"rendered":"<p>Liebe KLG-Mitglieder, das Museum Bensheim veranstaltet am Samstag, 22. Juli um 15.00 Uhr eine exklusive F\u00fchrung f\u00fcr KLG-Mitglieder in der aktuellen Leo Grewenig-Ausstellung. Dazu sind Sie herzlich eingeladen. Es ist keine Anmeldung erforderlich. Sie k\u00f6nnen einfach ins Museum kommen. Au\u00dferdem bietet das Museum f\u00fcr KLG-Mitglieder den ausstellungsbegleitenden Katalog zum Vorzugspreis von 10,00 \u20ac (statt 15.00 [&hellip;]<\/p>\n","protected":false},"author":1,"featured_media":0,"comment_status":"closed","ping_status":"closed","sticky":false,"template":"","format":"standard","meta":{"ngg_post_thumbnail":0,"footnotes":""},"categories":[8,11],"tags":[],"_links":{"self":[{"href":"https:\/\/klg-bergstrasse.de\/index.php?rest_route=\/wp\/v2\/posts\/959"}],"collection":[{"href":"https:\/\/klg-bergstrasse.de\/index.php?rest_route=\/wp\/v2\/posts"}],"about":[{"href":"https:\/\/klg-bergstrasse.de\/index.php?rest_route=\/wp\/v2\/types\/post"}],"author":[{"embeddable":true,"href":"https:\/\/klg-bergstrasse.de\/index.php?rest_route=\/wp\/v2\/users\/1"}],"replies":[{"embeddable":true,"href":"https:\/\/klg-bergstrasse.de\/index.php?rest_route=%2Fwp%2Fv2%2Fcomments&post=959"}],"version-history":[{"count":5,"href":"https:\/\/klg-bergstrasse.de\/index.php?rest_route=\/wp\/v2\/posts\/959\/revisions"}],"predecessor-version":[{"id":967,"href":"https:\/\/klg-bergstrasse.de\/index.php?rest_route=\/wp\/v2\/posts\/959\/revisions\/967"}],"wp:attachment":[{"href":"https:\/\/klg-bergstrasse.de\/index.php?rest_route=%2Fwp%2Fv2%2Fmedia&parent=959"}],"wp:term":[{"taxonomy":"category","embeddable":true,"href":"https:\/\/klg-bergstrasse.de\/index.php?rest_route=%2Fwp%2Fv2%2Fcategories&post=959"},{"taxonomy":"post_tag","embeddable":true,"href":"https:\/\/klg-bergstrasse.de\/index.php?rest_route=%2Fwp%2Fv2%2Ftags&post=959"}],"curies":[{"name":"wp","href":"https:\/\/api.w.org\/{rel}","templated":true}]}}