{"id":971,"date":"2023-08-23T06:52:27","date_gmt":"2023-08-23T06:52:27","guid":{"rendered":"https:\/\/klg-bergstrasse.de\/?p=971"},"modified":"2023-08-23T07:33:22","modified_gmt":"2023-08-23T07:33:22","slug":"herbstexkursion-2023","status":"publish","type":"post","link":"https:\/\/klg-bergstrasse.de\/?p=971","title":{"rendered":"Herbstexkursion 2023"},"content":{"rendered":"\n<h3 class=\"p-century-gothic wp-block-heading\"><strong>Das Neue Wiesbaden und Designausstellung Dieter Rams am 14. Oktober <\/strong><\/h3>\n\n\n\n<p class=\"p-century-gothic\">Das Neue Frankfurt kennt jeder, der sich mit der Architektur des 20. Jahrhunderts besch\u00e4ftigt. Das Neue Wiesbaden dagegen kennen nur wenige. Das liegt auch daran, dass ersteres als gro\u00dfe Leistung des innovativen Architekten Ernst May angesehen wurde, letzteres eher als tats\u00e4chlich unr\u00fchmliches Kapitel seines Schaffens. Wir fahren nach Wiesbaden und nehmen die Umsetzung seiner <strong>Gro\u00dfsiedlung Schelmengraben<\/strong> pers\u00f6nlich in Augenschein. Dabei werden wir nicht nur kompetent gef\u00fchrt, sondern d\u00fcrfen aller Voraussicht nach auch eine Wohnung von innen besichtigen.<\/p>\n\n\n\n<figure class=\"wp-block-image size-large is-resized p-century-gothic\"><img loading=\"lazy\" decoding=\"async\" src=\"https:\/\/klg-bergstrasse.de\/wp-content\/uploads\/2023\/08\/Das-Neue-Wiesbaden-Buch1-942x1024.jpg\" alt=\"\" class=\"wp-image-982\" width=\"610\" height=\"663\" srcset=\"https:\/\/klg-bergstrasse.de\/wp-content\/uploads\/2023\/08\/Das-Neue-Wiesbaden-Buch1-942x1024.jpg 942w, https:\/\/klg-bergstrasse.de\/wp-content\/uploads\/2023\/08\/Das-Neue-Wiesbaden-Buch1-276x300.jpg 276w, https:\/\/klg-bergstrasse.de\/wp-content\/uploads\/2023\/08\/Das-Neue-Wiesbaden-Buch1-768x835.jpg 768w, https:\/\/klg-bergstrasse.de\/wp-content\/uploads\/2023\/08\/Das-Neue-Wiesbaden-Buch1-1413x1536.jpg 1413w, https:\/\/klg-bergstrasse.de\/wp-content\/uploads\/2023\/08\/Das-Neue-Wiesbaden-Buch1-1884x2048.jpg 1884w, https:\/\/klg-bergstrasse.de\/wp-content\/uploads\/2023\/08\/Das-Neue-Wiesbaden-Buch1-1200x1305.jpg 1200w, https:\/\/klg-bergstrasse.de\/wp-content\/uploads\/2023\/08\/Das-Neue-Wiesbaden-Buch1-1980x2153.jpg 1980w\" sizes=\"(max-width: 610px) 100vw, 610px\" \/><figcaption>Seine \u00dcberlegungen stellte Ernst May in einer programmatischen Publikation dar, die 1963 vom Magistrat der Stadt Wiesbaden herausgegeben wurde.<\/figcaption><\/figure>\n\n\n\n<figure class=\"wp-block-image size-large\"><img loading=\"lazy\" decoding=\"async\" width=\"1024\" height=\"604\" src=\"https:\/\/klg-bergstrasse.de\/wp-content\/uploads\/2023\/08\/Das-Neue-Wiesbaden-Buch2-1024x604.jpg\" alt=\"\" class=\"wp-image-983\" srcset=\"https:\/\/klg-bergstrasse.de\/wp-content\/uploads\/2023\/08\/Das-Neue-Wiesbaden-Buch2-1024x604.jpg 1024w, https:\/\/klg-bergstrasse.de\/wp-content\/uploads\/2023\/08\/Das-Neue-Wiesbaden-Buch2-300x177.jpg 300w, https:\/\/klg-bergstrasse.de\/wp-content\/uploads\/2023\/08\/Das-Neue-Wiesbaden-Buch2-768x453.jpg 768w, https:\/\/klg-bergstrasse.de\/wp-content\/uploads\/2023\/08\/Das-Neue-Wiesbaden-Buch2-1536x905.jpg 1536w, https:\/\/klg-bergstrasse.de\/wp-content\/uploads\/2023\/08\/Das-Neue-Wiesbaden-Buch2-2048x1207.jpg 2048w, https:\/\/klg-bergstrasse.de\/wp-content\/uploads\/2023\/08\/Das-Neue-Wiesbaden-Buch2-1200x707.jpg 1200w, https:\/\/klg-bergstrasse.de\/wp-content\/uploads\/2023\/08\/Das-Neue-Wiesbaden-Buch2-1980x1167.jpg 1980w\" sizes=\"(max-width: 1024px) 100vw, 1024px\" \/><\/figure>\n\n\n\n<p class=\"p-century-gothic\">Letztlich beruht diese in den 1960er Jahren gebaute Anlage auf den Prinzipien, die in den 1920er Jahren entwickelt wurden. Warum werden sie nun oft als so falsch empfunden? Oder gibt es auch eine andere, positive Sicht auf diese Architektur? Zum Beispiel entwickelten sich durch die mitgeplanten sozialen Infrastruktureinrichtungen nur bedingt soziale Brennpunkte &#8211; im Gegensatz zu den reinen \u201eSchlafst\u00e4dten\u201c der 1970er-Jahre.<\/p>\n\n\n\n<p class=\"p-century-gothic\">Gebaut wurde der Schelmengraben, um die Wohnungsnot in der Nachkriegszeit zu mildern. Die vorhandene Altbebauung in der City galt als unattraktiv und ihre Sanierung als zu teuer.Ernst May plante deshalb Gro\u00dfsiedlungen am Stadtrand. Die Siedlungen sind von Gr\u00fcnr\u00e4umen durchzogen und von ihren Balkons sollten alle direkt in die Natur schauen k\u00f6nnen. Unterschiedliche Haus- und Wohnungstypen sollten eine soziale Mischung und Begegnungen in kreativ gestalteten Innenh\u00f6fen erm\u00f6glichen.<\/p>\n\n\n\n<p class=\"p-century-gothic\">Zuvor aber haben wir um 11 Uhr eine F\u00fchrung durch die <strong>Ausstellung des Designers Dieter Rams<\/strong> im Stadtmuseum am Markt Wiesbaden. Dieter Rams (*1932 in Wiesbaden) ist einer der einflussreichsten Designer des 20. Jahrhunderts \u2013 die von ihm entworfenen Ger\u00e4te etwa f\u00fcr die Firma Braun pr\u00e4gten den Alltag in vielen L\u00e4ndern. Sein minimalistischer und funktionaler Ansatz machte ihn auch zum Pionier langlebiger und umweltfreundlicher Produktion. Die Sonderausstellung war zuvor im MAK \u2013 Museum Angewandte Kunst in Frankfurt, den Goethe Instituten in New York und Washington D.C. sowie im ADI Design Museum in Mailand zu sehen.<\/p>\n\n\n\n<div class=\"wp-block-buttons is-content-justification-center is-layout-flex wp-block-buttons-is-layout-flex\"><\/div>\n\n\n\n<div class=\"wp-block-buttons is-layout-flex wp-block-buttons-is-layout-flex\"><\/div>\n\n\n\n<div class=\"wp-block-file\"><a href=\"https:\/\/klg-bergstrasse.de\/wp-content\/uploads\/2023\/08\/Exkursion-nach-Wiesbaden-1.pdf\" class=\"wp-block-file__button\" download>Ablauf und Anmeldung<\/a><\/div>\n\n\n\n<p><\/p>\n","protected":false},"excerpt":{"rendered":"<p>Das Neue Wiesbaden und Designausstellung Dieter Rams am 14. Oktober Das Neue Frankfurt kennt jeder, der sich mit der Architektur des 20. Jahrhunderts besch\u00e4ftigt. Das Neue Wiesbaden dagegen kennen nur wenige. Das liegt auch daran, dass ersteres als gro\u00dfe Leistung des innovativen Architekten Ernst May angesehen wurde, letzteres eher als tats\u00e4chlich unr\u00fchmliches Kapitel seines Schaffens. [&hellip;]<\/p>\n","protected":false},"author":1,"featured_media":0,"comment_status":"closed","ping_status":"closed","sticky":false,"template":"","format":"standard","meta":{"ngg_post_thumbnail":0,"footnotes":""},"categories":[10,8],"tags":[],"_links":{"self":[{"href":"https:\/\/klg-bergstrasse.de\/index.php?rest_route=\/wp\/v2\/posts\/971"}],"collection":[{"href":"https:\/\/klg-bergstrasse.de\/index.php?rest_route=\/wp\/v2\/posts"}],"about":[{"href":"https:\/\/klg-bergstrasse.de\/index.php?rest_route=\/wp\/v2\/types\/post"}],"author":[{"embeddable":true,"href":"https:\/\/klg-bergstrasse.de\/index.php?rest_route=\/wp\/v2\/users\/1"}],"replies":[{"embeddable":true,"href":"https:\/\/klg-bergstrasse.de\/index.php?rest_route=%2Fwp%2Fv2%2Fcomments&post=971"}],"version-history":[{"count":13,"href":"https:\/\/klg-bergstrasse.de\/index.php?rest_route=\/wp\/v2\/posts\/971\/revisions"}],"predecessor-version":[{"id":1082,"href":"https:\/\/klg-bergstrasse.de\/index.php?rest_route=\/wp\/v2\/posts\/971\/revisions\/1082"}],"wp:attachment":[{"href":"https:\/\/klg-bergstrasse.de\/index.php?rest_route=%2Fwp%2Fv2%2Fmedia&parent=971"}],"wp:term":[{"taxonomy":"category","embeddable":true,"href":"https:\/\/klg-bergstrasse.de\/index.php?rest_route=%2Fwp%2Fv2%2Fcategories&post=971"},{"taxonomy":"post_tag","embeddable":true,"href":"https:\/\/klg-bergstrasse.de\/index.php?rest_route=%2Fwp%2Fv2%2Ftags&post=971"}],"curies":[{"name":"wp","href":"https:\/\/api.w.org\/{rel}","templated":true}]}}