{"id":997,"date":"2023-10-17T13:28:03","date_gmt":"2023-10-17T13:28:03","guid":{"rendered":"https:\/\/klg-bergstrasse.de\/?p=997"},"modified":"2023-10-17T13:49:20","modified_gmt":"2023-10-17T13:49:20","slug":"exkursion-nach-wiesbaden","status":"publish","type":"post","link":"https:\/\/klg-bergstrasse.de\/?p=997","title":{"rendered":"Exkursion nach Wiesbaden"},"content":{"rendered":"\n<h4 class=\"p-century-gothic wp-block-heading\">Dieter Rams und Ernst May<\/h4>\n\n\n\n<p class=\"p-century-gothic\">Im Stadtmuseum am Markt Wiesbaden hatten die Teilnehmer der Exkursion Gelegenheit, sich mit dem Werdegang des &#8211; international noch mehr als in Deutschland &#8211; bekannten Designers Dieter Rams vertraut zu machen. Rams, 1932 in Wiesbaden geboren, ist vor allem mit dem Design f\u00fcr die Haushaltsger\u00e4te der Firma Braun in Kronberg bekannt geworden, aber auch mit seinen M\u00f6belentw\u00fcrfen f\u00fcr die Firma Vitsoe.<\/p>\n\n\n\n<p class=\"p-century-gothic\">In einer kompetent und anschaulich vorgetragenen F\u00fchrung lernten die Teilnehmer unter anderem die &#8222;Zehn Thesen&#8220; von Dieter Rams kennen &#8211; gegen die &#8222;Unkultur des \u00dcberflusses&#8220;, schon zu Zeiten des gern so genannten Wirtschaftswunders:<\/p>\n\n\n\n<p> <\/p>\n\n\n\n<ul class=\"p-century-gothic\"><li>Gutes Design ist innovativ.<\/li><li>Gutes Design macht ein Produkt brauchbar.<\/li><li>Gutes Design ist \u00e4sthetisches Design.<\/li><li>Gutes Design macht ein Produkt verst\u00e4ndlich.<\/li><li>Gutes Design ist ehrlich.<\/li><li>Gutes Design ist unaufdringlich.<\/li><li>Gutes Design ist langlebig.<\/li><li>Gutes Design ist konsequent bis ins letzte Detail.<\/li><li>Gutes Design ist umweltfreundlich.<\/li><li>Gutes Design ist so wenig Design wie m\u00f6glich.<\/li><\/ul>\n\n\n\n<figure class=\"wp-block-image size-large\"><img loading=\"lazy\" decoding=\"async\" width=\"1024\" height=\"768\" src=\"https:\/\/klg-bergstrasse.de\/wp-content\/uploads\/2023\/10\/20231014_113859-1024x768.jpg\" alt=\"\" class=\"wp-image-1002\" srcset=\"https:\/\/klg-bergstrasse.de\/wp-content\/uploads\/2023\/10\/20231014_113859-1024x768.jpg 1024w, https:\/\/klg-bergstrasse.de\/wp-content\/uploads\/2023\/10\/20231014_113859-300x225.jpg 300w, https:\/\/klg-bergstrasse.de\/wp-content\/uploads\/2023\/10\/20231014_113859-768x576.jpg 768w, https:\/\/klg-bergstrasse.de\/wp-content\/uploads\/2023\/10\/20231014_113859-1536x1152.jpg 1536w, https:\/\/klg-bergstrasse.de\/wp-content\/uploads\/2023\/10\/20231014_113859-2048x1536.jpg 2048w, https:\/\/klg-bergstrasse.de\/wp-content\/uploads\/2023\/10\/20231014_113859-1200x900.jpg 1200w, https:\/\/klg-bergstrasse.de\/wp-content\/uploads\/2023\/10\/20231014_113859-1980x1485.jpg 1980w\" sizes=\"(max-width: 1024px) 100vw, 1024px\" \/><figcaption>Die Teilnehmer der Exkrursion in der Ausstellung von Dieter Rams, Foto: klg, CC by-SA 3.0<\/figcaption><\/figure>\n\n\n\n<p class=\"p-century-gothic\">Am Nachmittag besch\u00e4ftigte sich die Gruppe mit einem etwas sperrigeren, aber ebenso hochaktuellen Thema. In der in den 1960er Jahren errichteten Siedlung &#8222;Schelmengraben&#8220; im Wiesbadener Stadtteil Dotzheim begegnete sie dem Sp\u00e4twerk von Ernst May, der 40 Jahre zuvor mit seinen Planungen zum &#8222;Neuen Frankfurt&#8220; Geschichte gemacht hatte und nach Stationen in der UdSSR, mehreren afrikanischen L\u00e4ndern, Hamburg und Mainz Stadtplaner in Wiesbaden wurde. Zur Bek\u00e4mpfung der Wohnungsnot setzte er dort auf eine umfangreiche Neubebauung der historischen Innenstadt (auf Kosten der alten Substanz) und den Bau von mehreren Trabantensiedlungen an den Taunush\u00e4ngen. Nur drei davon &#8211; das Parkfeld in Wiesbaden-Biebrich, der Schelmengraben und die Siedlung Klarenthal &#8211; wurden \u00fcberhaupt umgesetzt, weil sich gegen Mays Pl\u00e4ne entschiedene B\u00fcrgerproteste erhoben.<\/p>\n\n\n\n<p><\/p>\n\n\n\n<p class=\"p-century-gothic\">Wie Ernst May seine Grunds\u00e4tze &#8222;Bauen f\u00fcr das Existenzminimum&#8220; und &#8222;Luft, Licht und Sonne f\u00fcr alle&#8220; konkret umsetzte, zeigte Petra Schwerdtner in einer rund zweieinhalbst\u00fcndigen, anspruchsvollen F\u00fchrung durch den Schelmengraben.<\/p>\n\n\n\n<figure class=\"wp-block-image size-large\"><img loading=\"lazy\" decoding=\"async\" width=\"1024\" height=\"768\" src=\"https:\/\/klg-bergstrasse.de\/wp-content\/uploads\/2023\/10\/20231014_151203-1024x768.jpg\" alt=\"\" class=\"wp-image-1003\" srcset=\"https:\/\/klg-bergstrasse.de\/wp-content\/uploads\/2023\/10\/20231014_151203-1024x768.jpg 1024w, https:\/\/klg-bergstrasse.de\/wp-content\/uploads\/2023\/10\/20231014_151203-300x225.jpg 300w, https:\/\/klg-bergstrasse.de\/wp-content\/uploads\/2023\/10\/20231014_151203-768x576.jpg 768w, https:\/\/klg-bergstrasse.de\/wp-content\/uploads\/2023\/10\/20231014_151203-1536x1152.jpg 1536w, https:\/\/klg-bergstrasse.de\/wp-content\/uploads\/2023\/10\/20231014_151203-2048x1536.jpg 2048w, https:\/\/klg-bergstrasse.de\/wp-content\/uploads\/2023\/10\/20231014_151203-1200x900.jpg 1200w, https:\/\/klg-bergstrasse.de\/wp-content\/uploads\/2023\/10\/20231014_151203-1980x1485.jpg 1980w\" sizes=\"(max-width: 1024px) 100vw, 1024px\" \/><figcaption>Die Exkursionsteilnehmer vor einer der von Ernst May geplanten Garagen &#8211; er hatte schon in den 1960er Jahren die Idee, die Abstellorte der Autos von den Wohnungen zu trennen. Foto: klg, CC by-SA 3.0<\/figcaption><\/figure>\n\n\n\n<p class=\"p-century-gothic\">Die Kulturwissenschaftlerin Petra Schwerdtner betreibt in Frankfurt die Veranstaltungsagentur Kunstkontakt, leitet die Gesch\u00e4ftsstelle des Werkbundes Hessen und hat einen Lehrauftrag an der University of Applied Sciences in Frankfurt. Aus der intensiven Auseinandersetzung mit der Siedlung Schelmengraben konnte sie den Teilnehmern auch viel \u00fcber die Lebenswirklichkeit dort erz\u00e4hlen. Eine recht geringe Fluktuation und eine (nicht repr\u00e4sentative) Umfrage unter den Bewohnern sprechen f\u00fcr eine aktuell recht hohe Zufriedenheit in der von au\u00dfen eher negativ wahrgenommenen Siedlung, die erst in den letzten Jahren mit der angemessenen sozialen Infrastruktur versehen wurde &#8211; unter anderm aus Mitteln des Bund-L\u00e4nder-Programms \u201eSozialer Zusammenhalt\u201c. Eine der wesentlichen Forderungen von Ernst May existierte nur vor\u00fcbergehend: Erst 1977 wurde eine (von drei urspr\u00fcnglich vorgesehenen) Ladenzeile in der Mitte der Siedlung realisiert. F\u00fcr die rund 2500 Einwohner entstand ein Gesch\u00e4ftszentrum unter anderem mit Bankfiliale, Schuhgesch\u00e4ft und Zoohandlung, Supermarkt, Postamt und Haushaltswarenladen. Als letzter Mieter verlie\u00df vor einigen Monaten die Apotheke das Ensemble.<\/p>\n\n\n\n<figure class=\"wp-block-image size-large\"><img loading=\"lazy\" decoding=\"async\" width=\"1024\" height=\"768\" src=\"https:\/\/klg-bergstrasse.de\/wp-content\/uploads\/2023\/10\/20231014_154138-1024x768.jpg\" alt=\"\" class=\"wp-image-1008\" srcset=\"https:\/\/klg-bergstrasse.de\/wp-content\/uploads\/2023\/10\/20231014_154138-1024x768.jpg 1024w, https:\/\/klg-bergstrasse.de\/wp-content\/uploads\/2023\/10\/20231014_154138-300x225.jpg 300w, https:\/\/klg-bergstrasse.de\/wp-content\/uploads\/2023\/10\/20231014_154138-768x576.jpg 768w, https:\/\/klg-bergstrasse.de\/wp-content\/uploads\/2023\/10\/20231014_154138-1536x1152.jpg 1536w, https:\/\/klg-bergstrasse.de\/wp-content\/uploads\/2023\/10\/20231014_154138-2048x1536.jpg 2048w, https:\/\/klg-bergstrasse.de\/wp-content\/uploads\/2023\/10\/20231014_154138-1200x900.jpg 1200w, https:\/\/klg-bergstrasse.de\/wp-content\/uploads\/2023\/10\/20231014_154138-1980x1485.jpg 1980w\" sizes=\"(max-width: 1024px) 100vw, 1024px\" \/><figcaption>Die Ladenzeile wurde 1977 mit 19 verschiedenen Gesch\u00e4ften er\u00f6ffnet. 15 Jahre sp\u00e4ter war nur noch gut die H\u00e4lfte der R\u00e4ume belegt. Im Oktober 2023 standen alle R\u00e4ume leer. Foto: klg, CC by-SA 3.0<\/figcaption><\/figure>\n\n\n\n<figure class=\"wp-block-image size-large\"><img loading=\"lazy\" decoding=\"async\" width=\"1024\" height=\"768\" src=\"https:\/\/klg-bergstrasse.de\/wp-content\/uploads\/2023\/10\/20231014_152449-1024x768.jpg\" alt=\"\" class=\"wp-image-1009\" srcset=\"https:\/\/klg-bergstrasse.de\/wp-content\/uploads\/2023\/10\/20231014_152449-1024x768.jpg 1024w, https:\/\/klg-bergstrasse.de\/wp-content\/uploads\/2023\/10\/20231014_152449-300x225.jpg 300w, https:\/\/klg-bergstrasse.de\/wp-content\/uploads\/2023\/10\/20231014_152449-768x576.jpg 768w, https:\/\/klg-bergstrasse.de\/wp-content\/uploads\/2023\/10\/20231014_152449-1536x1152.jpg 1536w, https:\/\/klg-bergstrasse.de\/wp-content\/uploads\/2023\/10\/20231014_152449-2048x1536.jpg 2048w, https:\/\/klg-bergstrasse.de\/wp-content\/uploads\/2023\/10\/20231014_152449-1200x900.jpg 1200w, https:\/\/klg-bergstrasse.de\/wp-content\/uploads\/2023\/10\/20231014_152449-1980x1485.jpg 1980w\" sizes=\"(max-width: 1024px) 100vw, 1024px\" \/><figcaption>Einst als st\u00e4dtebaulicher Blickpunkt vorgesehen, sendet das weithin sichtbare rote Hochhaus derzeit ein deprimierendes Signal. Der arg vernachl\u00e4ssigte Geb\u00e4udekomplex geh\u00f6rt einem privaten Investor. Von Ernst Mays qualitativ hochwertig geplanten Wohnungen &#8211; alle mit Balkon &#8211; ahnt man von au\u00dfen nichts. Foto: klg, CC by-SA 3.0<\/figcaption><\/figure>\n\n\n\n<figure class=\"wp-block-image size-large\"><img loading=\"lazy\" decoding=\"async\" width=\"1024\" height=\"768\" src=\"https:\/\/klg-bergstrasse.de\/wp-content\/uploads\/2023\/10\/20231014_155059-1024x768.jpg\" alt=\"\" class=\"wp-image-1010\" srcset=\"https:\/\/klg-bergstrasse.de\/wp-content\/uploads\/2023\/10\/20231014_155059-1024x768.jpg 1024w, https:\/\/klg-bergstrasse.de\/wp-content\/uploads\/2023\/10\/20231014_155059-300x225.jpg 300w, https:\/\/klg-bergstrasse.de\/wp-content\/uploads\/2023\/10\/20231014_155059-768x576.jpg 768w, https:\/\/klg-bergstrasse.de\/wp-content\/uploads\/2023\/10\/20231014_155059-1536x1152.jpg 1536w, https:\/\/klg-bergstrasse.de\/wp-content\/uploads\/2023\/10\/20231014_155059-2048x1536.jpg 2048w, https:\/\/klg-bergstrasse.de\/wp-content\/uploads\/2023\/10\/20231014_155059-1200x900.jpg 1200w, https:\/\/klg-bergstrasse.de\/wp-content\/uploads\/2023\/10\/20231014_155059-1980x1485.jpg 1980w\" sizes=\"(max-width: 1024px) 100vw, 1024px\" \/><figcaption>Eine am Steilhang liegende gr\u00fcne Wildnis mitten in der Siedlung wurde von May als wichtiger Bestandteil mitgeplant. \u00dcberlegungen zur Bebauung im Zuge der Nachverdichtung stie\u00dfen in der j\u00fcngeren Vergangenheit auf vehementen Protest der Anwohner. Foto: klg, CC by-SA 3.0<\/figcaption><\/figure>\n\n\n\n<figure class=\"wp-block-image size-large\"><img loading=\"lazy\" decoding=\"async\" width=\"1024\" height=\"768\" src=\"https:\/\/klg-bergstrasse.de\/wp-content\/uploads\/2023\/10\/20231014_160732-1024x768.jpg\" alt=\"\" class=\"wp-image-1011\" srcset=\"https:\/\/klg-bergstrasse.de\/wp-content\/uploads\/2023\/10\/20231014_160732-1024x768.jpg 1024w, https:\/\/klg-bergstrasse.de\/wp-content\/uploads\/2023\/10\/20231014_160732-300x225.jpg 300w, https:\/\/klg-bergstrasse.de\/wp-content\/uploads\/2023\/10\/20231014_160732-768x576.jpg 768w, https:\/\/klg-bergstrasse.de\/wp-content\/uploads\/2023\/10\/20231014_160732-1536x1152.jpg 1536w, https:\/\/klg-bergstrasse.de\/wp-content\/uploads\/2023\/10\/20231014_160732-2048x1536.jpg 2048w, https:\/\/klg-bergstrasse.de\/wp-content\/uploads\/2023\/10\/20231014_160732-1200x900.jpg 1200w, https:\/\/klg-bergstrasse.de\/wp-content\/uploads\/2023\/10\/20231014_160732-1980x1485.jpg 1980w\" sizes=\"(max-width: 1024px) 100vw, 1024px\" \/><figcaption>Die originale Farbgebung Mays wurde an diesen Anwesen der gehobeneren Klasse wieder hergestellt. Der Planer hatte immer die Durchmischung der sozialen Schichten im Auge, die er durch das Angebot unterschiedlicher Wohnungen vom ger\u00e4umigen Einfamilienhaus bis zur Hochhaus-Wohnanlage erreichen wollte. Foto: klg, CC by-SA 3.0<\/figcaption><\/figure>\n\n\n\n<figure class=\"wp-block-gallery columns-2 is-cropped wp-block-gallery-1 is-layout-flex wp-block-gallery-is-layout-flex\"><ul class=\"blocks-gallery-grid\"><li class=\"blocks-gallery-item\"><figure><img loading=\"lazy\" decoding=\"async\" width=\"768\" height=\"1024\" src=\"https:\/\/klg-bergstrasse.de\/wp-content\/uploads\/2023\/10\/20231014_162135-1-768x1024.jpg\" alt=\"\" data-id=\"1013\" data-link=\"https:\/\/klg-bergstrasse.de\/?attachment_id=1013\" class=\"wp-image-1013\" srcset=\"https:\/\/klg-bergstrasse.de\/wp-content\/uploads\/2023\/10\/20231014_162135-1-768x1024.jpg 768w, https:\/\/klg-bergstrasse.de\/wp-content\/uploads\/2023\/10\/20231014_162135-1-225x300.jpg 225w, https:\/\/klg-bergstrasse.de\/wp-content\/uploads\/2023\/10\/20231014_162135-1-1152x1536.jpg 1152w, https:\/\/klg-bergstrasse.de\/wp-content\/uploads\/2023\/10\/20231014_162135-1-1536x2048.jpg 1536w, https:\/\/klg-bergstrasse.de\/wp-content\/uploads\/2023\/10\/20231014_162135-1-1200x1600.jpg 1200w, https:\/\/klg-bergstrasse.de\/wp-content\/uploads\/2023\/10\/20231014_162135-1-1980x2640.jpg 1980w, https:\/\/klg-bergstrasse.de\/wp-content\/uploads\/2023\/10\/20231014_162135-1-scaled.jpg 1920w\" sizes=\"(max-width: 768px) 100vw, 768px\" \/><\/figure><\/li><li class=\"blocks-gallery-item\"><figure><img loading=\"lazy\" decoding=\"async\" width=\"810\" height=\"1024\" src=\"https:\/\/klg-bergstrasse.de\/wp-content\/uploads\/2023\/10\/Ernst-May-Siedlung-Schelmengraben-Baenke-810x1024.jpg\" alt=\"\" data-id=\"1016\" data-full-url=\"https:\/\/klg-bergstrasse.de\/wp-content\/uploads\/2023\/10\/Ernst-May-Siedlung-Schelmengraben-Baenke.jpg\" data-link=\"https:\/\/klg-bergstrasse.de\/?attachment_id=1016\" class=\"wp-image-1016\" srcset=\"https:\/\/klg-bergstrasse.de\/wp-content\/uploads\/2023\/10\/Ernst-May-Siedlung-Schelmengraben-Baenke-810x1024.jpg 810w, https:\/\/klg-bergstrasse.de\/wp-content\/uploads\/2023\/10\/Ernst-May-Siedlung-Schelmengraben-Baenke-237x300.jpg 237w, https:\/\/klg-bergstrasse.de\/wp-content\/uploads\/2023\/10\/Ernst-May-Siedlung-Schelmengraben-Baenke-768x971.jpg 768w, https:\/\/klg-bergstrasse.de\/wp-content\/uploads\/2023\/10\/Ernst-May-Siedlung-Schelmengraben-Baenke-1215x1536.jpg 1215w, https:\/\/klg-bergstrasse.de\/wp-content\/uploads\/2023\/10\/Ernst-May-Siedlung-Schelmengraben-Baenke-1620x2048.jpg 1620w, https:\/\/klg-bergstrasse.de\/wp-content\/uploads\/2023\/10\/Ernst-May-Siedlung-Schelmengraben-Baenke-1200x1517.jpg 1200w, https:\/\/klg-bergstrasse.de\/wp-content\/uploads\/2023\/10\/Ernst-May-Siedlung-Schelmengraben-Baenke.jpg 1978w\" sizes=\"(max-width: 810px) 100vw, 810px\" \/><\/figure><\/li><\/ul><figcaption class=\"blocks-gallery-caption\">Hochh\u00e4user lehnte Ernst May in den 1920er Jahren noch vehement ab, plante in der Nachkriegszeit jedoch mehrere davon. Dass soziales Miteinander auch im Hochhaus stattfindet, zeigt die Forderung der Bewohner nach B\u00e4nken vor den H\u00e4usern, die sich zum Plaudern nutzen lassen. Foto: klg, CC by-SA 3.0<\/figcaption><\/figure>\n\n\n\n<figure class=\"wp-block-image size-large is-resized\"><img loading=\"lazy\" decoding=\"async\" src=\"https:\/\/klg-bergstrasse.de\/wp-content\/uploads\/2023\/10\/20231014_163057-1024x768.jpg\" alt=\"\" class=\"wp-image-1017\" width=\"606\" height=\"454\" srcset=\"https:\/\/klg-bergstrasse.de\/wp-content\/uploads\/2023\/10\/20231014_163057-1024x768.jpg 1024w, https:\/\/klg-bergstrasse.de\/wp-content\/uploads\/2023\/10\/20231014_163057-300x225.jpg 300w, https:\/\/klg-bergstrasse.de\/wp-content\/uploads\/2023\/10\/20231014_163057-768x576.jpg 768w, https:\/\/klg-bergstrasse.de\/wp-content\/uploads\/2023\/10\/20231014_163057-1536x1152.jpg 1536w, https:\/\/klg-bergstrasse.de\/wp-content\/uploads\/2023\/10\/20231014_163057-2048x1536.jpg 2048w, https:\/\/klg-bergstrasse.de\/wp-content\/uploads\/2023\/10\/20231014_163057-1200x900.jpg 1200w, https:\/\/klg-bergstrasse.de\/wp-content\/uploads\/2023\/10\/20231014_163057-1980x1485.jpg 1980w\" sizes=\"(max-width: 606px) 100vw, 606px\" \/><figcaption>Ein h\u00fcbsches Detail und ein Zeichen der Nachhaltigkeit: Die Betonmauern bestehen aus zackenf\u00f6rmigen Elementen, die einfach abgebaut und an anderem Ort neu zusammengetzt werden k\u00f6nnen. Foto: klg, CC by-SA 3.0<\/figcaption><\/figure>\n\n\n\n<p><\/p>\n\n\n\n<p><\/p>\n\n\n\n<p><\/p>\n","protected":false},"excerpt":{"rendered":"<p>Dieter Rams und Ernst May Im Stadtmuseum am Markt Wiesbaden hatten die Teilnehmer der Exkursion Gelegenheit, sich mit dem Werdegang des &#8211; international noch mehr als in Deutschland &#8211; bekannten Designers Dieter Rams vertraut zu machen. Rams, 1932 in Wiesbaden geboren, ist vor allem mit dem Design f\u00fcr die Haushaltsger\u00e4te der Firma Braun in Kronberg [&hellip;]<\/p>\n","protected":false},"author":1,"featured_media":0,"comment_status":"closed","ping_status":"closed","sticky":false,"template":"","format":"standard","meta":{"ngg_post_thumbnail":0,"footnotes":""},"categories":[10,8],"tags":[],"_links":{"self":[{"href":"https:\/\/klg-bergstrasse.de\/index.php?rest_route=\/wp\/v2\/posts\/997"}],"collection":[{"href":"https:\/\/klg-bergstrasse.de\/index.php?rest_route=\/wp\/v2\/posts"}],"about":[{"href":"https:\/\/klg-bergstrasse.de\/index.php?rest_route=\/wp\/v2\/types\/post"}],"author":[{"embeddable":true,"href":"https:\/\/klg-bergstrasse.de\/index.php?rest_route=\/wp\/v2\/users\/1"}],"replies":[{"embeddable":true,"href":"https:\/\/klg-bergstrasse.de\/index.php?rest_route=%2Fwp%2Fv2%2Fcomments&post=997"}],"version-history":[{"count":22,"href":"https:\/\/klg-bergstrasse.de\/index.php?rest_route=\/wp\/v2\/posts\/997\/revisions"}],"predecessor-version":[{"id":1030,"href":"https:\/\/klg-bergstrasse.de\/index.php?rest_route=\/wp\/v2\/posts\/997\/revisions\/1030"}],"wp:attachment":[{"href":"https:\/\/klg-bergstrasse.de\/index.php?rest_route=%2Fwp%2Fv2%2Fmedia&parent=997"}],"wp:term":[{"taxonomy":"category","embeddable":true,"href":"https:\/\/klg-bergstrasse.de\/index.php?rest_route=%2Fwp%2Fv2%2Fcategories&post=997"},{"taxonomy":"post_tag","embeddable":true,"href":"https:\/\/klg-bergstrasse.de\/index.php?rest_route=%2Fwp%2Fv2%2Ftags&post=997"}],"curies":[{"name":"wp","href":"https:\/\/api.w.org\/{rel}","templated":true}]}}